{"id":74694,"date":"2023-08-08T10:03:30","date_gmt":"2023-08-08T08:03:30","guid":{"rendered":"https:\/\/ihdemu.com\/?p=74694"},"modified":"2026-03-12T11:02:58","modified_gmt":"2026-03-12T10:02:58","slug":"spanischer-buergerkrieg","status":"publish","type":"post","link":"https:\/\/ihdemu.com\/de\/spanischer-buergerkrieg\/","title":{"rendered":"Spanischer B\u00fcrgerkrieg"},"content":{"rendered":"<p style=\"font-weight: 400;\">Der Spanische B\u00fcrgerkrieg war ein Konflikt, der von 1936 bis 1939 stattfand und die Republikaner, die die progressivsten und linken Teile des Landes repr\u00e4sentierten, gegen die Nationalisten, die von konservativen und rechten Kr\u00e4ften unterst\u00fctzt wurden, miteinander in Konflikt brachte.<\/p>\n<p><!--more--><\/p>\n<p style=\"font-weight: 400;\">Dieses Kapitel in der Geschichte Spaniens war das Ergebnis eines <strong>komplexen Geflechts politischer, sozialer und wirtschaftlicher Faktoren<\/strong>, die sich \u00fcber mehrere Jahrzehnte hinweg entwickelt hatten.<\/p>\n<h2 style=\"font-weight: 400;\"><strong>Ursprung des Konflikts<\/strong><\/h2>\n<p style=\"font-weight: 400;\">Der Ursprung des Spanischen B\u00fcrgerkriegs geht auf die <strong>Wirtschaftskrise<\/strong> zur\u00fcck, die das Land in den 1920er Jahren erfasste. Die sozialen Ungleichheiten versch\u00e4rften sich zu dieser Zeit, mit einer Gro\u00dfgrundbesitzer-Oligarchie und einer zunehmend unzufriedenen Arbeiterschicht. Das <strong>Versagen der bourbonischen Restauration<\/strong> bei der Sicherung politischer und sozialer Stabilit\u00e4t, der Aufstieg der Arbeiterbewegung und das Aufkommen neuer politischer Str\u00f6mungen wie Anarchismus, Sozialismus und Nationalismus f\u00fchrten zu einer wachsenden <strong>sozialen Polarisierung<\/strong>.<\/p>\n<p style=\"font-weight: 400;\">In diesem Kontext der Instabilit\u00e4t bedeutete die Diktatur von General <strong>Miguel Primo de Rivera<\/strong> (1923-1930 einen Versuch, politische Stabilit\u00e4t im Land zu schaffen. Aber das Fehlen echter L\u00f6sungen f\u00fcr die wirtschaftliche und soziale Krise, verbunden mit internationaler politischer Instabilit\u00e4t, f\u00fchrte letztendlich zum <strong>Zusammenbruch der Diktatur<\/strong> und zur Ausrufung der <strong>Zweiten Spanischen Republik<\/strong> im Jahr 1931.<\/p>\n<p style=\"font-weight: 400;\">Die Zweite Spanische Republik konnte trotz reformistischer Absichten die <strong>wirtschaftlichen und sozialen Probleme<\/strong> des Landes sowie das Problem des politischen und kulturellen Status von <strong>Katalonien und dem Baskenland<\/strong>, die gr\u00f6\u00dfere Autonomie forderten, nicht l\u00f6sen. In dieser Zeit des sozialen Unmuts entstanden <strong>radikalere politische Parteien<\/strong>, wie die CNT (Confederaci\u00f3n Nacional del Trabajo), die PCE (Partido Comunista de Espa\u00f1a), die Falange Espa\u00f1ola und andere nationalistische Gruppen.<\/p>\n<h2 style=\"font-weight: 400;\"><strong>Historisch bedeutende Pers\u00f6nlichkeiten<\/strong><\/h2>\n<p style=\"font-weight: 400;\">Der Spanische B\u00fcrgerkrieg brachte eine Vielzahl historisch bedeutender Pers\u00f6nlichkeiten hervor, die zu Symbolen der verschiedenen Kr\u00e4fte wurden, die w\u00e4hrend des Konflikts aufeinandertrafen. Dazu geh\u00f6ren:<\/p>\n<h4 style=\"font-weight: 400;\"><strong> Francisco Franco <\/strong><\/h4>\n<p style=\"font-weight: 400;\">F\u00fchrer der Nationalisten und General der spanischen Armee. Er wurde nach dem Sieg der franquistischen Seite Staatsoberhaupt.<\/p>\n<h4 style=\"font-weight: 400;\"><strong> Jos\u00e9 Antonio Primo de Rivera<\/strong><\/h4>\n<p style=\"font-weight: 400;\">Gr\u00fcnder und F\u00fchrer der Falange Espa\u00f1ola, einer politischen Partei mit nationalistischer und faschistischer Ideologie.<\/p>\n<h4 style=\"font-weight: 400;\"><strong>Dolores Ib\u00e1rruri <\/strong><\/h4>\n<p style=\"font-weight: 400;\">Bekannt als &#8222;La Pasionaria&#8220;, war sie eine prominente kommunistische F\u00fchrerin und Abgeordnete w\u00e4hrend der Zweiten Spanischen Republik.<\/p>\n<h4 style=\"font-weight: 400;\"><strong>Manuel Aza\u00f1a <\/strong><\/h4>\n<p style=\"font-weight: 400;\">Pr\u00e4sident der Zweiten Spanischen Republik und F\u00fchrer der Republikaner w\u00e4hrend des Konflikts.<\/p>\n<h4 style=\"font-weight: 400;\"><strong>George Orwell <\/strong><\/h4>\n<p style=\"font-weight: 400;\">Britischer Schriftsteller, der sich den Internationalen Brigaden anschloss, um gegen die franquistische Seite zu k\u00e4mpfen und seine Erfahrungen in seinem Werk &#8222;Homenaje a Catalu\u00f1a&#8220; festhielt.<\/p>\n<h2><strong>Interessante Fakten und Anekdoten<\/strong><\/h2>\n<p style=\"font-weight: 400;\">Es gibt viele <strong>interessante Fakten und Anekdoten<\/strong>, die mit dem Spanischen B\u00fcrgerkrieg verbunden sind, darunter:<\/p>\n<h4><strong>Luftangriffe<\/strong><\/h4>\n<p>Der Spanische B\u00fcrgerkrieg war der erste gro\u00dfe Krieg, in dem <strong>Luftangriffe systematisch eingesetzt<\/strong> wurden.<\/p>\n<h4><strong>Karl Marx<\/strong><\/h4>\n<p>W\u00e4hrend des Krieges gab die republikanische Regierung tats\u00e4chlich <strong>Geldscheine mit dem Portr\u00e4t von Karl Marx heraus<\/strong>.<\/p>\n<h4><strong>George Orwell<\/strong><\/h4>\n<p>Der Schriftsteller <strong>George Orwell<\/strong>, wie zuvor erw\u00e4hnt, schloss sich den republikanischen Milizen an und k\u00e4mpfte im Spanischen B\u00fcrgerkrieg. Seine Erfahrungen in diesem Konflikt inspirierten sein ber\u00fchmtes Werk &#8222;1984&#8220;.<\/p>\n<h4><strong>Heftige Schlachten<\/strong><\/h4>\n<p>Der Spanische B\u00fcrgerkrieg war Schauplatz einiger der <strong>heftigsten Schlachten<\/strong> zwischen feindlichen Truppen. In der Schlacht am Jarama etwa k\u00e4mpften mehr als 100.000 M\u00e4nner in einem engen Raum von nur 25 Kilometern.<\/p>\n<h4><strong>&#8222;Batall\u00f3n Durruti&#8220;<\/strong><\/h4>\n<p>Die Republikaner gr\u00fcndeten das <strong>&#8222;Batall\u00f3n Durruti&#8220;<\/strong> zu Ehren des legend\u00e4ren Anarchisten Buenaventura Durruti, der w\u00e4hrend des Krieges unter mysteri\u00f6sen Umst\u00e4nden starb.<\/p>\n<h4><strong>Pablo Picasso<\/strong><\/h4>\n<p><img fetchpriority=\"high\" decoding=\"async\" class=\"alignnone size-medium wp-image-62505\" src=\"https:\/\/ihdemu.com\/wp-content\/uploads\/2023\/05\/instituto-hispanico-de-murcia-Guerra4-300x300.jpg\" alt=\"Instituto Hisp\u00e1nico de Murcia- Guerra - Picasso\" width=\"300\" height=\"300\" srcset=\"https:\/\/ihdemu.com\/wp-content\/uploads\/2023\/05\/instituto-hispanico-de-murcia-Guerra4-300x300.jpg 300w, https:\/\/ihdemu.com\/wp-content\/uploads\/2023\/05\/instituto-hispanico-de-murcia-Guerra4-1024x1024.jpg 1024w, https:\/\/ihdemu.com\/wp-content\/uploads\/2023\/05\/instituto-hispanico-de-murcia-Guerra4-150x150.jpg 150w, https:\/\/ihdemu.com\/wp-content\/uploads\/2023\/05\/instituto-hispanico-de-murcia-Guerra4-768x768.jpg 768w, https:\/\/ihdemu.com\/wp-content\/uploads\/2023\/05\/instituto-hispanico-de-murcia-Guerra4-1536x1536.jpg 1536w, https:\/\/ihdemu.com\/wp-content\/uploads\/2023\/05\/instituto-hispanico-de-murcia-Guerra4-600x600.jpg 600w, https:\/\/ihdemu.com\/wp-content\/uploads\/2023\/05\/instituto-hispanico-de-murcia-Guerra4-100x100.jpg 100w, https:\/\/ihdemu.com\/wp-content\/uploads\/2023\/05\/instituto-hispanico-de-murcia-Guerra4-50x50.jpg 50w, https:\/\/ihdemu.com\/wp-content\/uploads\/2023\/05\/instituto-hispanico-de-murcia-Guerra4.jpg 1920w\" sizes=\"(max-width: 300px) 100vw, 300px\" \/><\/p>\n<p>Die republikanische Regierung beauftragte den K\u00fcnstler <strong>Pablo Picasso<\/strong> mit der Gestaltung eines Wandgem\u00e4ldes f\u00fcr den spanischen Pavillon auf der Weltausstellung von 1937 in Paris. Das Ergebnis war sein Meisterwerk &#8222;Guernica&#8220;.<\/p>\n<h4><strong>Internationale Brigaden<\/strong><\/h4>\n<p>Die ber\u00fchmten <strong>Internationalen Brigaden<\/strong>, bestehend aus ausl\u00e4ndischen Freiwilligen, darunter Amerikaner, Briten, Deutsche, Italiener und Franzosen, spielten eine herausragende Rolle in einigen der blutigsten Auseinandersetzungen des Spanischen B\u00fcrgerkriegs.<\/p>\n<h4><strong>Molotow-Wagen<\/strong><\/h4>\n<p>W\u00e4hrend des Konflikts verwendeten die Republikaner die Figur des <strong>&#8222;Molotow-Wagens,&#8220;<\/strong> eines Lastwagens voller Brandflaschen, um die feindlichen Truppen anzugreifen.<\/p>\n<h4><strong>Deutsche Legion Condor und italienische Legion\u00e4rsluftwaffe<\/strong><\/h4>\n<p>Die Nationalisten erhielten Unterst\u00fctzung von der <strong>deutschen Legion Condor und der italienischen Legion\u00e4rsluftwaffe<\/strong>, die den Spanischen B\u00fcrgerkrieg als Testgel\u00e4nde f\u00fcr ihre neuen Kriegstechniken nutzten.<\/p>\n<h4><strong>Francisco Franco<\/strong><\/h4>\n<p>Eine der umstrittensten Pers\u00f6nlichkeiten des Spanischen B\u00fcrgerkriegs war General <strong>Francisco Franco<\/strong>, wie bereits weiter oben erl\u00e4utert, der die nationalistische Rebellion anf\u00fchrte und schlie\u00dflich zum Diktator Spaniens f\u00fcr fast <strong>vier Jahrzehnte<\/strong> wurde. Trotz der Kritik an seiner Person betrachten ihn einige noch immer als <strong>Nationalhelden<\/strong>.<\/p>\n<h2 style=\"font-weight: 400;\"><strong>Herausragende Ereignisse<\/strong><\/h2>\n<h4 style=\"font-weight: 400;\"><strong>Der gescheiterte Putsch von 1936<\/strong><\/h4>\n<p style=\"font-weight: 400;\">Am 17. und 18. Juli 1936 versuchte eine Gruppe von Milit\u00e4rs unter der F\u00fchrung von General Francisco Franco einen Putsch gegen die Regierung der Zweiten Spanischen Republik. Der <strong>Putsch scheiterte<\/strong> in weiten Teilen Spaniens, war aber in einigen Regionen des Landes, wie Andalusien, Galicien, Navarra und den meisten Kanarischen Inseln, erfolgreich.<\/p>\n<h4 style=\"font-weight: 400;\"><strong>Die Entstehung der zwei Spanien<\/strong><\/h4>\n<p style=\"font-weight: 400;\">Nach dem Scheitern des Putsches spaltete sich Spanien in zwei feindliche Lager: die <strong>Republikaner<\/strong>, die die rechtm\u00e4\u00dfige Regierung und die Mehrheit der Regionen unterst\u00fctzten, und die <strong>Nationalisten<\/strong>, die die Rebellen unter der F\u00fchrung von Franco unterst\u00fctzten und die einen Gro\u00dfteil der Streitkr\u00e4fte und die katholische Kirche kontrollierten.<\/p>\n<h4 style=\"font-weight: 400;\"><strong>Die Internationalen Brigaden<\/strong><\/h4>\n<p style=\"font-weight: 400;\">W\u00e4hrend des Spanischen B\u00fcrgerkriegs reisten Tausende ausl\u00e4ndische Freiwillige, darunter Kommunisten, Sozialisten und Anarchisten, nach Spanien, um gegen Franco und seine Verb\u00fcndeten zu k\u00e4mpfen. Diese Internationalen Brigaden bestanden aus Menschen verschiedener Nationalit\u00e4ten, darunter Amerikaner, Briten, Deutsche, Italiener und Franzosen, um nur einige zu nennen.<\/p>\n<h4 style=\"font-weight: 400;\"><strong>Die Belagerung von Madrid<\/strong><\/h4>\n<p><img decoding=\"async\" class=\"alignnone size-medium wp-image-62495\" src=\"https:\/\/ihdemu.com\/wp-content\/uploads\/2023\/05\/instituto-hispanico-de-murcia-Guerra3-300x300.jpeg\" alt=\"Instituto Hispanico de Murcia- Blog -Guerra Madrid \" width=\"300\" height=\"300\" srcset=\"https:\/\/ihdemu.com\/wp-content\/uploads\/2023\/05\/instituto-hispanico-de-murcia-Guerra3-300x300.jpeg 300w, https:\/\/ihdemu.com\/wp-content\/uploads\/2023\/05\/instituto-hispanico-de-murcia-Guerra3-150x150.jpeg 150w, https:\/\/ihdemu.com\/wp-content\/uploads\/2023\/05\/instituto-hispanico-de-murcia-Guerra3-768x768.jpeg 768w, https:\/\/ihdemu.com\/wp-content\/uploads\/2023\/05\/instituto-hispanico-de-murcia-Guerra3-600x600.jpeg 600w, https:\/\/ihdemu.com\/wp-content\/uploads\/2023\/05\/instituto-hispanico-de-murcia-Guerra3-100x100.jpeg 100w, https:\/\/ihdemu.com\/wp-content\/uploads\/2023\/05\/instituto-hispanico-de-murcia-Guerra3-50x50.jpeg 50w, https:\/\/ihdemu.com\/wp-content\/uploads\/2023\/05\/instituto-hispanico-de-murcia-Guerra3.jpeg 1024w\" sizes=\"(max-width: 300px) 100vw, 300px\" \/><\/p>\n<p style=\"font-weight: 400;\">W\u00e4hrend des Spanischen B\u00fcrgerkriegs war Madrid \u00fcber mehr als zwei Jahre hinweg von den <strong>franquistischen Truppen belagert&lt;\/strong. Die Stadt hielt dem Angriff mit Hilfe der Internationalen Brigaden und der spanischen Partisanen stand, bis schlie\u00dflich im M\u00e4rz 1939 die franquistischen Truppen in die Stadt einmarschierten.<\/strong><\/p>\n<h4 style=\"font-weight: 400;\"><strong>Die Schlacht am Ebro<\/strong><\/h4>\n<p style=\"font-weight: 400;\">Die Schlacht am Ebro war die l\u00e4ngste und blutigste Schlacht des Spanischen B\u00fcrgerkriegs und fand im Sommer 1938 statt. Es handelte sich um eine gro\u00dfe Offensive der Republikaner am Fluss Ebro, an der etwa <strong>80.000 Soldaten<\/strong> teilnahmen. Obwohl die republikanische Seite anf\u00e4nglich einige Erfolge verzeichnen konnte, wurde sie schlie\u00dflich von den franquistischen Truppen besiegt.<\/p>\n<h4 style=\"font-weight: 400;\"><strong>Die Unterst\u00fctzung Deutschlands und Italiens f\u00fcr Franco<\/strong><\/h4>\n<p style=\"font-weight: 400;\">W\u00e4hrend des Spanischen B\u00fcrgerkriegs erhielt General Franco milit\u00e4rische und finanzielle Unterst\u00fctzung von den Diktaturen Deutschlands und Italiens. Beide L\u00e4nder schickten Flugzeuge, Panzer und Truppen, um die franquistische Seite zu unterst\u00fctzen. Diese Hilfe war entscheidend f\u00fcr den <strong>endg\u00fcltigen Sieg<\/strong> Francos.<\/p>\n<h4 style=\"font-weight: 400;\"><strong>Das Exil der Republikaner<\/strong><\/h4>\n<p style=\"font-weight: 400;\">Nach dem Sieg von Franco im Jahr 1939 flohen viele <strong>Republikaner aus Spanien<\/strong>, um der Unterdr\u00fcckung und Rache der franquistischen Streitkr\u00e4fte zu entgehen. Es wird gesch\u00e4tzt, dass mehr als <strong>500.000 Menschen<\/strong> das Land verlie\u00dfen, von denen viele sich in lateinamerikanischen L\u00e4ndern und in Frankreich niederlie\u00dfen.<\/p>\n<h2 style=\"font-weight: 400;\"><strong>Der Spanische B\u00fcrgerkrieg als Vorbote des Zweiten Weltkriegs<\/strong><\/h2>\n<p>&nbsp;<\/p>\n<p><img decoding=\"async\" class=\"alignnone size-medium wp-image-62464\" src=\"https:\/\/ihdemu.com\/wp-content\/uploads\/2023\/05\/instituto-hispanico-de-murcia-Guerra-300x300.jpeg\" alt=\"Instituto Hispanico de Murcia - Blog - Guerra \" width=\"300\" height=\"300\" srcset=\"https:\/\/ihdemu.com\/wp-content\/uploads\/2023\/05\/instituto-hispanico-de-murcia-Guerra-300x300.jpeg 300w, https:\/\/ihdemu.com\/wp-content\/uploads\/2023\/05\/instituto-hispanico-de-murcia-Guerra-150x150.jpeg 150w, https:\/\/ihdemu.com\/wp-content\/uploads\/2023\/05\/instituto-hispanico-de-murcia-Guerra-768x768.jpeg 768w, https:\/\/ihdemu.com\/wp-content\/uploads\/2023\/05\/instituto-hispanico-de-murcia-Guerra-600x600.jpeg 600w, https:\/\/ihdemu.com\/wp-content\/uploads\/2023\/05\/instituto-hispanico-de-murcia-Guerra-100x100.jpeg 100w, https:\/\/ihdemu.com\/wp-content\/uploads\/2023\/05\/instituto-hispanico-de-murcia-Guerra-50x50.jpeg 50w, https:\/\/ihdemu.com\/wp-content\/uploads\/2023\/05\/instituto-hispanico-de-murcia-Guerra.jpeg 1024w\" sizes=\"(max-width: 300px) 100vw, 300px\" \/><\/p>\n<p style=\"font-weight: 400;\">Der Spanische B\u00fcrgerkrieg wurde von vielen als eine Art Vorspiel des Zweiten Weltkriegs angesehen. Die faschistischen M\u00e4chte Deutschlands und Italiens unterst\u00fctzten <strong>Franco<\/strong>, w\u00e4hrend die Sowjetunion die <strong>Republikaner<\/strong> unterst\u00fctzte.<\/p>\n<p style=\"font-weight: 400;\">Der Spanische B\u00fcrgerkrieg war auch einer der ersten Kriege, in denen <strong>Propaganda als Waffe<\/strong> verwendet wurde. Beide Seiten nutzten die Propaganda, um ihre Anh\u00e4nger zu mobilisieren und den Feind zu d\u00e4monisieren. Die Propaganda wurde auch verwendet, um ausl\u00e4ndische Freiwillige f\u00fcr den Krieg zu rekrutieren.<\/p>\n<p style=\"font-weight: 400;\">Nach drei Jahren Krieg k\u00fcndigte Franco am <strong>1. April 1939 offiziell das Ende des Spanischen B\u00fcrgerkriegs an<\/strong>. Francos Sieg hatte schwerwiegende Konsequenzen f\u00fcr Spanien. W\u00e4hrend seiner Diktatur, die bis zu seinem Tod im Jahr 1975 dauerte, wurden <strong>b\u00fcrgerliche und politische Freiheiten unterdr\u00fcckt, Dissidenten verfolgt und Minderheiten unterdr\u00fcckt<\/strong>. Dar\u00fcber hinaus litt die spanische Wirtschaft viele Jahre lang unter den Auswirkungen der Zerst\u00f6rung und des Verlusts von Ressourcen w\u00e4hrend des B\u00fcrgerkriegs.<\/p>\n<p style=\"font-weight: 400;\">Der Spanische B\u00fcrgerkrieg war ein <strong>komplexer und verheerender Konflikt<\/strong>, der sowohl f\u00fcr Spanien als auch f\u00fcr die Welt tiefgreifende Konsequenzen hatte. Drei Jahre lang befand sich das Land in einem Kampf um Macht und Ideologie, der Familien und Gemeinschaften spaltete. Obwohl der Krieg vor mehr als 80 Jahren endete, ist er f\u00fcr viele immer noch ein Thema von Interesse und Debatte und hat eine <strong>unausl\u00f6schliche Spur in der Geschichte Spaniens und der Welt<\/strong> hinterlassen.<\/p>\n","protected":false},"excerpt":{"rendered":"<p>Der Spanische B\u00fcrgerkrieg war ein Konflikt, der von 1936 bis 1939 stattfand und die Republikaner, die die progressivsten und linken Teile des Landes repr\u00e4sentierten, gegen die Nationalisten, die von konservativen und rechten Kr\u00e4ften unterst\u00fctzt wurden, miteinander in Konflikt brachte.<\/p>\n","protected":false},"author":15,"featured_media":62488,"comment_status":"closed","ping_status":"closed","sticky":false,"template":"","format":"standard","meta":{"_acf_changed":false,"inline_featured_image":false,"site-sidebar-layout":"default","site-content-layout":"default","ast-site-content-layout":"default","site-content-style":"default","site-sidebar-style":"default","ast-global-header-display":"","ast-banner-title-visibility":"","ast-main-header-display":"","ast-hfb-above-header-display":"","ast-hfb-below-header-display":"","ast-hfb-mobile-header-display":"","site-post-title":"","ast-breadcrumbs-content":"","ast-featured-img":"","footer-sml-layout":"","ast-disable-related-posts":"","theme-transparent-header-meta":"default","adv-header-id-meta":"","stick-header-meta":"default","header-above-stick-meta":"","header-main-stick-meta":"","header-below-stick-meta":"","astra-migrate-meta-layouts":"set","ast-page-background-enabled":"default","ast-page-background-meta":{"desktop":{"background-color":"var(--ast-global-color-4)","background-image":"","background-repeat":"repeat","background-position":"center center","background-size":"auto","background-attachment":"scroll","background-type":"","background-media":"","overlay-type":"","overlay-color":"","overlay-opacity":"","overlay-gradient":""},"tablet":{"background-color":"","background-image":"","background-repeat":"repeat","background-position":"center center","background-size":"auto","background-attachment":"scroll","background-type":"","background-media":"","overlay-type":"","overlay-color":"","overlay-opacity":"","overlay-gradient":""},"mobile":{"background-color":"","background-image":"","background-repeat":"repeat","background-position":"center center","background-size":"auto","background-attachment":"scroll","background-type":"","background-media":"","overlay-type":"","overlay-color":"","overlay-opacity":"","overlay-gradient":""}},"ast-content-background-meta":{"desktop":{"background-color":"var(--ast-global-color-5)","background-image":"","background-repeat":"repeat","background-position":"center center","background-size":"auto","background-attachment":"scroll","background-type":"","background-media":"","overlay-type":"","overlay-color":"","overlay-opacity":"","overlay-gradient":""},"tablet":{"background-color":"var(--ast-global-color-5)","background-image":"","background-repeat":"repeat","background-position":"center center","background-size":"auto","background-attachment":"scroll","background-type":"","background-media":"","overlay-type":"","overlay-color":"","overlay-opacity":"","overlay-gradient":""},"mobile":{"background-color":"var(--ast-global-color-5)","background-image":"","background-repeat":"repeat","background-position":"center center","background-size":"auto","background-attachment":"scroll","background-type":"","background-media":"","overlay-type":"","overlay-color":"","overlay-opacity":"","overlay-gradient":""}},"footnotes":""},"categories":[677],"tags":[],"class_list":["post-74694","post","type-post","status-publish","format-standard","has-post-thumbnail","hentry","category-kultur"],"acf":[],"_links":{"self":[{"href":"https:\/\/ihdemu.com\/de\/wp-json\/wp\/v2\/posts\/74694","targetHints":{"allow":["GET"]}}],"collection":[{"href":"https:\/\/ihdemu.com\/de\/wp-json\/wp\/v2\/posts"}],"about":[{"href":"https:\/\/ihdemu.com\/de\/wp-json\/wp\/v2\/types\/post"}],"author":[{"embeddable":true,"href":"https:\/\/ihdemu.com\/de\/wp-json\/wp\/v2\/users\/15"}],"replies":[{"embeddable":true,"href":"https:\/\/ihdemu.com\/de\/wp-json\/wp\/v2\/comments?post=74694"}],"version-history":[{"count":1,"href":"https:\/\/ihdemu.com\/de\/wp-json\/wp\/v2\/posts\/74694\/revisions"}],"predecessor-version":[{"id":110349,"href":"https:\/\/ihdemu.com\/de\/wp-json\/wp\/v2\/posts\/74694\/revisions\/110349"}],"wp:featuredmedia":[{"embeddable":true,"href":"https:\/\/ihdemu.com\/de\/wp-json\/wp\/v2\/media\/62488"}],"wp:attachment":[{"href":"https:\/\/ihdemu.com\/de\/wp-json\/wp\/v2\/media?parent=74694"}],"wp:term":[{"taxonomy":"category","embeddable":true,"href":"https:\/\/ihdemu.com\/de\/wp-json\/wp\/v2\/categories?post=74694"},{"taxonomy":"post_tag","embeddable":true,"href":"https:\/\/ihdemu.com\/de\/wp-json\/wp\/v2\/tags?post=74694"}],"curies":[{"name":"wp","href":"https:\/\/api.w.org\/{rel}","templated":true}]}}