{"id":77261,"date":"2022-03-18T19:18:06","date_gmt":"2022-03-18T18:18:06","guid":{"rendered":"https:\/\/ihdemu.com\/?p=77261"},"modified":"2026-03-19T13:03:16","modified_gmt":"2026-03-19T12:03:16","slug":"joyeuse-fete-des-peres","status":"publish","type":"post","link":"https:\/\/ihdemu.com\/fr\/joyeuse-fete-des-peres\/","title":{"rendered":"La f\u00eate des P\u00e8res en Espagne : origine, histoire et c\u00e9l\u00e9bration du 19 mars"},"content":{"rendered":"<p>Bien que cette date existe pour c\u00e9l\u00e9brer le jour de nos figures paternelles, nous avons tous les jours de l&rsquo;ann\u00e9e pour leur dire \u00e0 quel point nous les aimons et les remercier pour ce qu&rsquo;ils font pour nous. Mais, quelle est l&rsquo;origine de cette f\u00eate ?<\/p>\n<p><!--more--><\/p>\n<p data-start=\"176\" data-end=\"559\"><strong data-start=\"176\" data-end=\"208\">La f\u00eate des P\u00e8res en Espagne<\/strong> est c\u00e9l\u00e9br\u00e9e chaque ann\u00e9e le <strong data-start=\"238\" data-end=\"249\">19 mars<\/strong>, une date bien connue du calendrier espagnol. Pour de nombreuses familles, c\u2019est une journ\u00e9e de tendresse, de gratitude et de moments partag\u00e9s. C\u2019est aussi une excellente occasion, pour les \u00e9tudiants en espagnol, d\u2019en apprendre davantage sur la culture espagnole, ses traditions et ses habitudes du quotidien.<\/p>\n<p data-start=\"561\" data-end=\"860\">Aujourd\u2019hui, la f\u00eate des P\u00e8res est souvent associ\u00e9e aux cadeaux, aux bricolages r\u00e9alis\u00e9s \u00e0 l\u2019\u00e9cole et aux repas en famille, mais l\u2019origine de cette c\u00e9l\u00e9bration a une base religieuse et une \u00e9volution historique tr\u00e8s int\u00e9ressante. Alors, pourquoi c\u00e9l\u00e8bre-t-on la f\u00eate des P\u00e8res le 19 mars en Espagne ?<\/p>\n<h2 data-section-id=\"1mx07ny\" data-start=\"862\" data-end=\"933\">Pourquoi la f\u00eate des P\u00e8res est-elle c\u00e9l\u00e9br\u00e9e le 19 mars en Espagne ?<\/h2>\n<p data-start=\"935\" data-end=\"1167\">En Espagne, la f\u00eate des P\u00e8res co\u00efncide avec la f\u00eate de <strong data-start=\"990\" data-end=\"1006\">saint Joseph<\/strong>, \u00e9poux de la Vierge Marie et p\u00e8re de J\u00e9sus selon la tradition chr\u00e9tienne. C\u2019est pour cette raison que le <strong data-start=\"1112\" data-end=\"1123\">19 mars<\/strong> a \u00e9t\u00e9 choisi pour rendre hommage aux p\u00e8res.<\/p>\n<p data-start=\"1169\" data-end=\"1469\">Pendant de nombreuses ann\u00e9es, saint Joseph a \u00e9t\u00e9 consid\u00e9r\u00e9 comme un mod\u00e8le de p\u00e8re responsable, travailleur et protecteur. Cette image a fait de sa f\u00eate une date id\u00e9ale pour c\u00e9l\u00e9brer la paternit\u00e9. C\u2019est pourquoi l\u2019origine de la f\u00eate des P\u00e8res en Espagne est clairement li\u00e9e \u00e0 la tradition catholique.<\/p>\n<p data-start=\"1471\" data-end=\"1575\">Comme beaucoup de f\u00eates espagnoles, cette date r\u00e9unit religion, coutume populaire et histoire familiale.<\/p>\n<h2 data-section-id=\"1ij4cgu\" data-start=\"1577\" data-end=\"1621\">L\u2019origine de la f\u00eate des P\u00e8res en Espagne<\/h2>\n<p data-start=\"1623\" data-end=\"1913\">M\u00eame si le choix du 19 mars a une origine religieuse, la version moderne de <strong data-start=\"1699\" data-end=\"1731\">la f\u00eate des P\u00e8res en Espagne<\/strong> est n\u00e9e au XXe si\u00e8cle. Plus pr\u00e9cis\u00e9ment en <strong data-start=\"1775\" data-end=\"1783\">1948<\/strong>, gr\u00e2ce \u00e0 l\u2019initiative d\u2019une institutrice madril\u00e8ne appel\u00e9e <strong data-start=\"1843\" data-end=\"1870\">Manuela Vicente Ferrero<\/strong>, \u00e9galement connue sous le nom de <strong data-start=\"1904\" data-end=\"1912\">Nely<\/strong>.<\/p>\n<p data-start=\"1915\" data-end=\"2163\">Elle a d\u00e9cid\u00e9 d\u2019organiser une c\u00e9l\u00e9bration sp\u00e9ciale en l\u2019honneur des p\u00e8res dans l\u2019\u00e9cole o\u00f9 elle travaillait. L\u2019id\u00e9e est n\u00e9e apr\u00e8s que certains p\u00e8res eurent fait remarquer qu\u2019il existait d\u00e9j\u00e0 une f\u00eate des M\u00e8res, mais pas de journ\u00e9e sp\u00e9ciale pour eux.<\/p>\n<p data-start=\"2165\" data-end=\"2503\">L\u2019initiative a \u00e9t\u00e9 tr\u00e8s bien accueillie et s\u2019est progressivement \u00e9tendue \u00e0 d\u2019autres \u00e9coles puis \u00e0 d\u2019autres villes. Plus tard, les commerces et la publicit\u00e9 ont contribu\u00e9 \u00e0 populariser cette c\u00e9l\u00e9bration dans toute l\u2019Espagne. Pourtant, son point de d\u00e9part a \u00e9t\u00e9 simple et proche de la vie quotidienne : elle est n\u00e9e dans le milieu scolaire.<\/p>\n<h2 data-section-id=\"1kuiyl4\" data-start=\"2505\" data-end=\"2550\">L\u2019histoire de la f\u00eate des P\u00e8res en Espagne<\/h2>\n<p data-start=\"2552\" data-end=\"2690\">L\u2019histoire de la f\u00eate des P\u00e8res en Espagne montre comment une f\u00eate religieuse peut devenir peu \u00e0 peu une c\u00e9l\u00e9bration familiale et sociale.<\/p>\n<p data-start=\"2692\" data-end=\"2968\">Au d\u00e9part, le 19 mars \u00e9tait principalement li\u00e9 \u00e0 <strong data-start=\"2741\" data-end=\"2757\">saint Joseph<\/strong>. Ensuite, gr\u00e2ce \u00e0 l\u2019initiative scolaire du XXe si\u00e8cle, cette date a pris un caract\u00e8re plus familial. Les enfants pr\u00e9paraient des cartes, des po\u00e8mes, des dessins ou de petits cadeaux faits main pour leurs p\u00e8res.<\/p>\n<p data-start=\"2970\" data-end=\"3277\">Au fil des ann\u00e9es, cette tradition a \u00e9volu\u00e9. Aujourd\u2019hui, la f\u00eate des P\u00e8res reste une date importante, m\u00eame si elle est g\u00e9n\u00e9ralement c\u00e9l\u00e9br\u00e9e de mani\u00e8re simple dans la plupart des foyers. Plus qu\u2019un grand \u00e9v\u00e9nement, c\u2019est surtout l\u2019occasion de passer du temps ensemble et de montrer son affection aux p\u00e8res.<\/p>\n<h2 data-section-id=\"1nm78jd\" data-start=\"3279\" data-end=\"3333\">Comment c\u00e9l\u00e8bre-t-on la f\u00eate des P\u00e8res en Espagne ?<\/h2>\n<p data-start=\"3335\" data-end=\"3490\">Aujourd\u2019hui, <strong data-start=\"3348\" data-end=\"3380\">la f\u00eate des P\u00e8res en Espagne<\/strong> se c\u00e9l\u00e8bre g\u00e9n\u00e9ralement de mani\u00e8re calme et familiale. Voici quelques-unes des traditions les plus courantes.<\/p>\n<h3 data-section-id=\"2t2tg7\" data-start=\"3492\" data-end=\"3525\">Cadeaux et petites attentions<\/h3>\n<p data-start=\"3527\" data-end=\"3789\">Beaucoup de personnes profitent de cette journ\u00e9e pour offrir un cadeau \u00e0 leur p\u00e8re. Il ne s\u2019agit g\u00e9n\u00e9ralement pas de quelque chose de tr\u00e8s extravagant, mais plut\u00f4t d\u2019un geste symbolique, comme un livre, un v\u00eatement, un parfum, des douceurs ou un objet personnel.<\/p>\n<h3 data-section-id=\"15rypxy\" data-start=\"3791\" data-end=\"3815\">Bricolages \u00e0 l\u2019\u00e9cole<\/h3>\n<p data-start=\"3817\" data-end=\"4086\">L\u2019une des traditions les plus typiques de la f\u00eate des P\u00e8res en Espagne est la r\u00e9alisation de bricolages \u00e0 l\u2019\u00e9cole. Les jeunes enfants fabriquent souvent des cartes, des dessins ou de petits cadeaux en classe, ce qui donne \u00e0 la c\u00e9l\u00e9bration un ton chaleureux et touchant.<\/p>\n<h3 data-section-id=\"9x2v26\" data-start=\"4088\" data-end=\"4108\">Repas en famille<\/h3>\n<p data-start=\"4110\" data-end=\"4311\">Il est \u00e9galement fr\u00e9quent que les familles se r\u00e9unissent pour partager un repas sp\u00e9cial. Parfois \u00e0 la maison, parfois au restaurant, mais l\u2019id\u00e9e principale reste simplement de passer du temps ensemble.<\/p>\n<h3 data-section-id=\"q2s320\" data-start=\"4313\" data-end=\"4337\">Messages d\u2019affection<\/h3>\n<p data-start=\"4339\" data-end=\"4576\">En plus des cadeaux, beaucoup de personnes souhaitent une bonne f\u00eate \u00e0 leur p\u00e8re \u00e0 travers des messages, des appels t\u00e9l\u00e9phoniques ou des photos de famille. Aujourd\u2019hui, cela se fait aussi tr\u00e8s souvent via WhatsApp ou les r\u00e9seaux sociaux.<\/p>\n<h2 data-section-id=\"smspra\" data-start=\"4578\" data-end=\"4633\">Quelques curiosit\u00e9s sur la f\u00eate des P\u00e8res en Espagne<\/h2>\n<p data-start=\"4635\" data-end=\"4802\">La f\u00eate des P\u00e8res pr\u00e9sente plusieurs aspects int\u00e9ressants, particuli\u00e8rement utiles pour les \u00e9tudiants en espagnol qui souhaitent mieux comprendre la culture espagnole.<\/p>\n<h3 data-section-id=\"1c61zzz\" data-start=\"4804\" data-end=\"4852\">Elle n\u2019est pas c\u00e9l\u00e9br\u00e9e le m\u00eame jour partout<\/h3>\n<p data-start=\"4854\" data-end=\"5068\">En Espagne, en Italie et dans d\u2019autres pays de tradition catholique, la f\u00eate des P\u00e8res est c\u00e9l\u00e9br\u00e9e le <strong data-start=\"4957\" data-end=\"4968\">19 mars<\/strong>. Dans de nombreux autres pays, comme les \u00c9tats-Unis, elle a lieu le <strong data-start=\"5037\" data-end=\"5067\">troisi\u00e8me dimanche de juin<\/strong>.<\/p>\n<h3 data-section-id=\"qejwo7\" data-start=\"5070\" data-end=\"5102\">Elle est li\u00e9e \u00e0 saint Joseph<\/h3>\n<p data-start=\"5104\" data-end=\"5251\">Le choix du 19 mars n\u2019est pas un hasard. La figure de saint Joseph a eu une grande importance dans la tradition religieuse et culturelle espagnole.<\/p>\n<h3 data-section-id=\"gskod5\" data-start=\"5253\" data-end=\"5302\">Son origine moderne a commenc\u00e9 dans une \u00e9cole<\/h3>\n<p data-start=\"5304\" data-end=\"5507\">M\u00eame si elle semble aujourd\u2019hui bien install\u00e9e, la version moderne de cette f\u00eate en Espagne a commenc\u00e9 gr\u00e2ce \u00e0 une institutrice et au milieu scolaire, et non comme une campagne commerciale d\u00e8s le d\u00e9part.<\/p>\n<h3 data-section-id=\"1y8vkmc\" data-start=\"5509\" data-end=\"5553\">\u00c0 Valence, elle co\u00efncide avec les Fallas<\/h3>\n<p data-start=\"5555\" data-end=\"5762\">Dans la Communaut\u00e9 valencienne, le 19 mars co\u00efncide avec la fin des <strong data-start=\"5623\" data-end=\"5633\">Fallas<\/strong>, l\u2019une des f\u00eates les plus c\u00e9l\u00e8bres d\u2019Espagne. Cela donne \u00e0 cette date une atmosph\u00e8re encore plus particuli\u00e8re dans cette r\u00e9gion.<\/p>\n<h2 data-section-id=\"gqz6w3\" data-start=\"5764\" data-end=\"5808\">La f\u00eate des P\u00e8res et la culture espagnole<\/h2>\n<p data-start=\"5810\" data-end=\"6104\">Parler de <strong data-start=\"5820\" data-end=\"5852\">la f\u00eate des P\u00e8res en Espagne<\/strong>, c\u2019est aussi parler de famille, de tradition, d\u2019\u00e9ducation et de coutumes. Pour les \u00e9tudiants en espagnol, ce sujet est utile car il permet de mieux comprendre la vie quotidienne en Espagne et d\u2019apprendre du vocabulaire li\u00e9 aux c\u00e9l\u00e9brations familiales.<\/p>\n<p data-start=\"6106\" data-end=\"6264\">Quelques mots et expressions utiles dans ce contexte sont : <strong data-start=\"6166\" data-end=\"6251\">p\u00e8re, famille, cadeau, tradition, c\u00e9l\u00e9bration, \u00e9cole, repas de famille, affection<\/strong> et <strong data-start=\"6255\" data-end=\"6263\">f\u00eate<\/strong>.<\/p>\n<p data-start=\"6266\" data-end=\"6364\">Ce th\u00e8me peut \u00e9galement servir \u00e0 pratiquer l\u2019expression orale en classe avec des questions comme :<\/p>\n<ul data-start=\"6366\" data-end=\"6608\">\n<li data-section-id=\"4e3wi4\" data-start=\"6366\" data-end=\"6421\">\n<p data-start=\"6368\" data-end=\"6421\">La f\u00eate des P\u00e8res est-elle c\u00e9l\u00e9br\u00e9e dans votre pays ?<\/p>\n<\/li>\n<li data-section-id=\"1tu3s4b\" data-start=\"6422\" data-end=\"6457\">\n<p data-start=\"6424\" data-end=\"6457\">\u00c0 quelle date est-elle c\u00e9l\u00e9br\u00e9e ?<\/p>\n<\/li>\n<li data-section-id=\"1sw3zx1\" data-start=\"6458\" data-end=\"6499\">\n<p data-start=\"6460\" data-end=\"6499\">Quels cadeaux sont les plus fr\u00e9quents ?<\/p>\n<\/li>\n<li data-section-id=\"dqeg1k\" data-start=\"6500\" data-end=\"6608\">\n<p data-start=\"6502\" data-end=\"6608\">S\u2019agit-il surtout d\u2019une f\u00eate familiale, d\u2019une tradition culturelle ou d\u2019une c\u00e9l\u00e9bration plus commerciale ?<\/p>\n<\/li>\n<\/ul>\n<p data-start=\"6610\" data-end=\"6793\">Apprendre l\u2019espagnol, ce n\u2019est pas seulement \u00e9tudier la grammaire et le vocabulaire. C\u2019est aussi comprendre les coutumes et les f\u00eates qui font partie de la vie quotidienne en Espagne.<\/p>\n<h2 data-section-id=\"8dtpi\" data-start=\"6795\" data-end=\"6808\">Conclusion<\/h2>\n<p data-start=\"6810\" data-end=\"7113\"><strong data-start=\"6810\" data-end=\"6842\">La f\u00eate des P\u00e8res en Espagne<\/strong>, c\u00e9l\u00e9br\u00e9e le <strong data-start=\"6856\" data-end=\"6867\">19 mars<\/strong>, est une date \u00e0 l\u2019origine clairement religieuse, \u00e0 l\u2019\u00e9volution historique int\u00e9ressante et \u00e0 forte valeur familiale. Ce qui appara\u00eet aujourd\u2019hui comme une c\u00e9l\u00e9bration simple repose en r\u00e9alit\u00e9 sur une tradition, une culture et une histoire riches.<\/p>\n<p data-start=\"7115\" data-end=\"7298\">Pour les \u00e9tudiants en espagnol, d\u00e9couvrir cette f\u00eate est une excellente mani\u00e8re de se rapprocher de la culture espagnole et d\u2019enrichir leur vocabulaire de fa\u00e7on pratique et naturelle.<\/p>\n<p data-start=\"7300\" data-end=\"7326\"><strong data-start=\"7300\" data-end=\"7326\">Bonne f\u00eate des P\u00e8res !<\/strong><\/p>\n","protected":false},"excerpt":{"rendered":"<p>D\u00e9couvrez pourquoi la f\u00eate des P\u00e8res en Espagne est c\u00e9l\u00e9br\u00e9e le 19 mars, quelle est son origine, son histoire et comment les familles espagnoles la f\u00eatent.<\/p>\n","protected":false},"author":15,"featured_media":25804,"comment_status":"closed","ping_status":"closed","sticky":false,"template":"","format":"standard","meta":{"_acf_changed":false,"inline_featured_image":false,"site-sidebar-layout":"default","site-content-layout":"default","ast-site-content-layout":"default","site-content-style":"default","site-sidebar-style":"default","ast-global-header-display":"","ast-banner-title-visibility":"","ast-main-header-display":"","ast-hfb-above-header-display":"","ast-hfb-below-header-display":"","ast-hfb-mobile-header-display":"","site-post-title":"","ast-breadcrumbs-content":"","ast-featured-img":"","footer-sml-layout":"","ast-disable-related-posts":"","theme-transparent-header-meta":"default","adv-header-id-meta":"","stick-header-meta":"default","header-above-stick-meta":"","header-main-stick-meta":"","header-below-stick-meta":"","astra-migrate-meta-layouts":"set","ast-page-background-enabled":"default","ast-page-background-meta":{"desktop":{"background-color":"var(--ast-global-color-4)","background-image":"","background-repeat":"repeat","background-position":"center center","background-size":"auto","background-attachment":"scroll","background-type":"","background-media":"","overlay-type":"","overlay-color":"","overlay-opacity":"","overlay-gradient":""},"tablet":{"background-color":"","background-image":"","background-repeat":"repeat","background-position":"center center","background-size":"auto","background-attachment":"scroll","background-type":"","background-media":"","overlay-type":"","overlay-color":"","overlay-opacity":"","overlay-gradient":""},"mobile":{"background-color":"","background-image":"","background-repeat":"repeat","background-position":"center center","background-size":"auto","background-attachment":"scroll","background-type":"","background-media":"","overlay-type":"","overlay-color":"","overlay-opacity":"","overlay-gradient":""}},"ast-content-background-meta":{"desktop":{"background-color":"var(--ast-global-color-5)","background-image":"","background-repeat":"repeat","background-position":"center center","background-size":"auto","background-attachment":"scroll","background-type":"","background-media":"","overlay-type":"","overlay-color":"","overlay-opacity":"","overlay-gradient":""},"tablet":{"background-color":"var(--ast-global-color-5)","background-image":"","background-repeat":"repeat","background-position":"center center","background-size":"auto","background-attachment":"scroll","background-type":"","background-media":"","overlay-type":"","overlay-color":"","overlay-opacity":"","overlay-gradient":""},"mobile":{"background-color":"var(--ast-global-color-5)","background-image":"","background-repeat":"repeat","background-position":"center center","background-size":"auto","background-attachment":"scroll","background-type":"","background-media":"","overlay-type":"","overlay-color":"","overlay-opacity":"","overlay-gradient":""}},"footnotes":""},"categories":[652],"tags":[],"class_list":["post-77261","post","type-post","status-publish","format-standard","has-post-thumbnail","hentry","category-culture"],"acf":[],"_links":{"self":[{"href":"https:\/\/ihdemu.com\/fr\/wp-json\/wp\/v2\/posts\/77261","targetHints":{"allow":["GET"]}}],"collection":[{"href":"https:\/\/ihdemu.com\/fr\/wp-json\/wp\/v2\/posts"}],"about":[{"href":"https:\/\/ihdemu.com\/fr\/wp-json\/wp\/v2\/types\/post"}],"author":[{"embeddable":true,"href":"https:\/\/ihdemu.com\/fr\/wp-json\/wp\/v2\/users\/15"}],"replies":[{"embeddable":true,"href":"https:\/\/ihdemu.com\/fr\/wp-json\/wp\/v2\/comments?post=77261"}],"version-history":[{"count":4,"href":"https:\/\/ihdemu.com\/fr\/wp-json\/wp\/v2\/posts\/77261\/revisions"}],"predecessor-version":[{"id":111131,"href":"https:\/\/ihdemu.com\/fr\/wp-json\/wp\/v2\/posts\/77261\/revisions\/111131"}],"wp:featuredmedia":[{"embeddable":true,"href":"https:\/\/ihdemu.com\/fr\/wp-json\/wp\/v2\/media\/25804"}],"wp:attachment":[{"href":"https:\/\/ihdemu.com\/fr\/wp-json\/wp\/v2\/media?parent=77261"}],"wp:term":[{"taxonomy":"category","embeddable":true,"href":"https:\/\/ihdemu.com\/fr\/wp-json\/wp\/v2\/categories?post=77261"},{"taxonomy":"post_tag","embeddable":true,"href":"https:\/\/ihdemu.com\/fr\/wp-json\/wp\/v2\/tags?post=77261"}],"curies":[{"name":"wp","href":"https:\/\/api.w.org\/{rel}","templated":true}]}}