{"id":74193,"date":"2023-08-08T10:03:30","date_gmt":"2023-08-08T08:03:30","guid":{"rendered":"https:\/\/ihdemu.com\/?p=74193"},"modified":"2026-03-12T13:17:16","modified_gmt":"2026-03-12T12:17:16","slug":"la-guerra-civile-spagnola","status":"publish","type":"post","link":"https:\/\/ihdemu.com\/it\/la-guerra-civile-spagnola\/","title":{"rendered":"La Guerra Civile Spagnola"},"content":{"rendered":"<p style=\"font-weight: 400;\">La Guerra Civile Spagnola \u00e8 stata un conflitto che si \u00e8 svolto tra il 1936 e il 1939 e ha visto contrapposti i repubblicani, rappresentanti dei settori pi\u00f9 progressisti e di sinistra del paese, ai nazionalisti, sostenuti dalle forze conservatrici e di destra.<\/p>\n<p><!--more--><\/p>\n<p style=\"font-weight: 400;\">Questo episodio della storia spagnola \u00e8 stato il risultato di un <strong>complesso intreccio di fattori politici, sociali ed economici<\/strong> che si sono sviluppati nel corso di diverse decadi.<\/p>\n<h2 style=\"font-weight: 400;\"><strong>Origine del conflitto<\/strong><\/h2>\n<p style=\"font-weight: 400;\">L&#8217;origine della Guerra Civile Spagnola risale alla <strong>crisi economica<\/strong> che ha colpito il paese a partire dagli anni &#8217;20. Le disuguaglianze sociali si sono accentuate in questo periodo, con un&#8217;oligarchia latifondista e una classe lavoratrice sempre pi\u00f9 insoddisfatta. Il <strong>fallimento del periodo di Restaurazione borbonica<\/strong> nel raggiungere una stabilit\u00e0 politica e sociale, l&#8217;ascesa del movimento operaio e l&#8217;emergere di nuove correnti politiche, come l&#8217;anarchismo, il socialismo e il nazionalismo, hanno generato una crescente <strong>polarizzazione sociale<\/strong>.<\/p>\n<p style=\"font-weight: 400;\">In questo contesto di instabilit\u00e0, la dittatura del generale <strong>Miguel Primo de Rivera<\/strong> (1923-1930) ha rappresentato un tentativo di stabilizzazione politica del paese, ma la mancanza di soluzioni reali per la crisi economica e sociale in corso, unita all&#8217;instabilit\u00e0 politica internazionale, ha portato alla <strong>caduta della dittatura<\/strong> e alla proclamazione della <strong>Seconda Repubblica Spagnola<\/strong> nel 1931.<\/p>\n<p style=\"font-weight: 400;\">La Seconda Repubblica Spagnola, nonostante le sue intenzioni riformiste, non \u00e8 riuscita a risolvere i <strong>problemi economici e sociali<\/strong> del paese, n\u00e9 la questione dello status politico e culturale della <strong>Catalogna e del Paese Basco<\/strong>, che chiedevano maggiori gradi di autonomia. In questo contesto di insoddisfazione sociale, sono emersi <strong>partiti politici pi\u00f9 radicali<\/strong>, come la CNT (Confederaci\u00f3n Nacional del Trabajo), il PCE (Partido Comunista de Espa\u00f1a), la Falange Espa\u00f1ola e altri gruppi nazionalisti.<\/p>\n<h2 style=\"font-weight: 400;\"><strong>Personaggi storici di rilievo<\/strong><\/h2>\n<p style=\"font-weight: 400;\">La Guerra Civile Spagnola ha visto la presenza di numerosi personaggi storici che sono diventati simboli delle diverse forze che si sono scontrate durante il conflitto. Tra di essi spiccano:<\/p>\n<h4 style=\"font-weight: 400;\"><strong>Francisco Franco<\/strong><\/h4>\n<p style=\"font-weight: 400;\">Leader del fronte nazionalista e generale dell&#8217;esercito spagnolo. \u00c8 diventato Capo di Stato dopo la vittoria del fronte franchista.<\/p>\n<h4 style=\"font-weight: 400;\"><strong>Jos\u00e9 Antonio Primo de Rivera<\/strong><\/h4>\n<p style=\"font-weight: 400;\">Fondatore e leader della Falange Espa\u00f1ola, partito di ideologia nazionalista e fascista.<\/p>\n<h4 style=\"font-weight: 400;\"><strong>Dolores Ib\u00e1rruri<\/strong><\/h4>\n<p style=\"font-weight: 400;\">Conosciuta come &#8220;La Pasionaria&#8221;, \u00e8 stata una prominente leader comunista e deputata durante la Seconda Repubblica Spagnola.<\/p>\n<h4 style=\"font-weight: 400;\"><strong>Manuel Aza\u00f1a<\/strong><\/h4>\n<p style=\"font-weight: 400;\">Presidente della Seconda Repubblica Spagnola e leader dei repubblicani durante il conflitto.<\/p>\n<h4 style=\"font-weight: 400;\"><strong>George Orwell<\/strong><\/h4>\n<p style=\"font-weight: 400;\">Scrittore britannico che si \u00e8 unito alle Brigate Internazionali per combattere a fianco del fronte nazionalista e ha raccontato le sue esperienze nel suo lavoro &#8220;Omaggio a Catalogna&#8221;.<\/p>\n<h2><strong>Curiosit\u00e0 e aneddoti<\/strong><\/h2>\n<p style=\"font-weight: 400;\">Ci sono molte <strong>curiosit\u00e0 e aneddoti<\/strong> legati alla Guerra Civile Spagnola, alcuni dei quali sono:<\/p>\n<h4><strong>Bombardamenti aerei<\/strong><\/h4>\n<p>La Guerra Civile Spagnola \u00e8 stata il primo grande conflitto bellico in cui sono stati utilizzati i <strong>bombardamenti aerei<\/strong> in modo sistematico.<\/p>\n<h4><strong>Karl Marx<\/strong><\/h4>\n<p>Durante la guerra, il governo repubblicano ha emesso <strong>banconote con l&#8217;effigie di Karl Marx<\/strong>.<\/p>\n<h4><strong>George Orwell<\/strong><\/h4>\n<p>Lo scrittore <strong>George Orwell<\/strong>, come accennato in precedenza, si \u00e8 arruolato nelle milizie repubblicane e ha combattuto nella Guerra Civile Spagnola. La sua esperienza nel conflitto ha ispirato il suo famoso romanzo &#8220;1984&#8221;.<\/p>\n<h4><strong>Combattimenti feroci<\/strong><\/h4>\n<p>La Guerra Civile Spagnola \u00e8 stata teatro di alcuni dei <strong>combattimenti pi\u00f9 feroci<\/strong> tra truppe nemiche. Nella Battaglia del Jarama, ad esempio, si sono scontrati pi\u00f9 di 100.000 uomini in uno spazio ristretto di appena 25 chilometri.<\/p>\n<h4><strong>Battaglione &#8220;Durruti&#8221;<\/strong><\/h4>\n<p>I repubblicani hanno creato il <strong>battaglione &#8220;Durruti&#8221;<\/strong> in onore del leggendario anarchico Buenaventura Durruti, morto durante la guerra in circostanze misteriose.<\/p>\n<h4><strong>Pablo Picasso<\/strong><\/h4>\n<p><img fetchpriority=\"high\" decoding=\"async\" class=\"alignnone size-medium wp-image-62505\" src=\"https:\/\/ihdemu.com\/wp-content\/uploads\/2023\/05\/instituto-hispanico-de-murcia-Guerra4-300x300.jpg\" alt=\"Instituto Hisp\u00e1nico de Murcia- Guerra - Picasso\" width=\"300\" height=\"300\" srcset=\"https:\/\/ihdemu.com\/wp-content\/uploads\/2023\/05\/instituto-hispanico-de-murcia-Guerra4-300x300.jpg 300w, https:\/\/ihdemu.com\/wp-content\/uploads\/2023\/05\/instituto-hispanico-de-murcia-Guerra4-1024x1024.jpg 1024w, https:\/\/ihdemu.com\/wp-content\/uploads\/2023\/05\/instituto-hispanico-de-murcia-Guerra4-150x150.jpg 150w, https:\/\/ihdemu.com\/wp-content\/uploads\/2023\/05\/instituto-hispanico-de-murcia-Guerra4-768x768.jpg 768w, https:\/\/ihdemu.com\/wp-content\/uploads\/2023\/05\/instituto-hispanico-de-murcia-Guerra4-1536x1536.jpg 1536w, https:\/\/ihdemu.com\/wp-content\/uploads\/2023\/05\/instituto-hispanico-de-murcia-Guerra4-600x600.jpg 600w, https:\/\/ihdemu.com\/wp-content\/uploads\/2023\/05\/instituto-hispanico-de-murcia-Guerra4-100x100.jpg 100w, https:\/\/ihdemu.com\/wp-content\/uploads\/2023\/05\/instituto-hispanico-de-murcia-Guerra4-50x50.jpg 50w, https:\/\/ihdemu.com\/wp-content\/uploads\/2023\/05\/instituto-hispanico-de-murcia-Guerra4.jpg 1920w\" sizes=\"(max-width: 300px) 100vw, 300px\" \/><\/p>\n<p>Il governo repubblicano ha commissionato all&#8217;artista <strong>Pablo Picasso<\/strong> la realizzazione di un murale per il padiglione spagnolo all&#8217;Esposizione Universale di Parigi del 1937. Il risultato \u00e8 stato il suo capolavoro &#8220;Guernica&#8221;.<\/p>\n<h4><strong>Brigata Lincoln<\/strong><\/h4>\n<p>La famosa <strong>Brigata Lincoln<\/strong>, composta da volontari americani, ha giocato un ruolo di rilievo in alcuni dei combattimenti pi\u00f9 cruenti della Guerra Civile Spagnola.<\/p>\n<h4><strong>Molotov ambulante<\/strong><\/h4>\n<p>Durante il conflitto, i repubblicani hanno utilizzato la figura del <strong>&#8220;Molotov ambulante&#8221;<\/strong>, un camion carico di bombe incendiarie utilizzato per attaccare le forze nemiche.<\/p>\n<h4><strong>Legione Condor tedesca e Aviazione Legionaria italiana<\/strong><\/h4>\n<p>I nazionalisti hanno ricevuto aiuto dalla <strong>Legione Condor tedesca e dall&#8217;Aviazione Legionaria italiana<\/strong>, che hanno utilizzato la Guerra Civile Spagnola come campo di prova per le loro nuove tecniche di guerra.<\/p>\n<h4><strong>Francisco Franco<\/strong><\/h4>\n<p>Uno dei personaggi pi\u00f9 controversi della Guerra Civile Spagnola \u00e8 stato il generale <strong>Francisco Franco<\/strong>, come spiegato in precedenza, che ha guidato la rivolta nazionalista ed \u00e8 diventato poi il dittatore della Spagna per quasi <strong>quattro decenni<\/strong>. Nonostante le critiche che la sua figura suscita, c&#8217;\u00e8 chi lo considera ancora un <strong>eroe nazionale<\/strong>.<\/p>\n<h2 style=\"font-weight: 400;\"><strong>Fatti salienti<\/strong><\/h2>\n<h4 style=\"font-weight: 400;\"><strong>Il colpo di Stato fallito del 1936<\/strong><\/h4>\n<p style=\"font-weight: 400;\">Il 17 e 18 luglio 1936, un gruppo di militari guidati dal generale Francisco Franco ha tentato un colpo di Stato contro il governo della Seconda Repubblica Spagnola. Il <strong>colpo \u00e8 fallito<\/strong> nella maggior parte della Spagna, ma in alcune regioni del paese come l&#8217;Andalusia, la Galizia, la Navarra e la maggior parte delle isole Canarie, ha avuto successo.<\/p>\n<h4 style=\"font-weight: 400;\"><strong>La nascita delle due Spagne<\/strong><\/h4>\n<p style=\"font-weight: 400;\">Dopo il fallimento del colpo di Stato, la Spagna si \u00e8 divisa in due fazioni opposte: i <strong>repubblicani<\/strong>, che sostenevano il governo legalmente costituito e la maggior parte delle regioni, e i <strong>nazionalisti<\/strong>, che sostenevano i ribelli guidati da Franco e che controllavano gran parte delle forze armate e la Chiesa cattolica.<\/p>\n<h4 style=\"font-weight: 400;\"><strong>Le Brigate Internazionali <\/strong><\/h4>\n<p style=\"font-weight: 400;\">Durante la guerra civile, migliaia di volontari stranieri, molti dei quali comunisti, socialisti o anarchici, viaggiarono in Spagna per <strong>combattere contro Franco<\/strong> e i suoi alleati. Queste Brigate Internazionali erano composte da persone di diverse nazionalit\u00e0, tra cui americani, britannici, tedeschi, italiani e francesi, tra gli altri.<\/p>\n<h4 style=\"font-weight: 400;\"><strong>L&#8217;assedio di Madrid<\/strong><\/h4>\n<p><img decoding=\"async\" class=\"alignnone size-medium wp-image-62495\" src=\"https:\/\/ihdemu.com\/wp-content\/uploads\/2023\/05\/instituto-hispanico-de-murcia-Guerra3-300x300.jpeg\" alt=\"Instituto Hispanico de Murcia- Blog -Guerra Madrid \" width=\"300\" height=\"300\" srcset=\"https:\/\/ihdemu.com\/wp-content\/uploads\/2023\/05\/instituto-hispanico-de-murcia-Guerra3-300x300.jpeg 300w, https:\/\/ihdemu.com\/wp-content\/uploads\/2023\/05\/instituto-hispanico-de-murcia-Guerra3-150x150.jpeg 150w, https:\/\/ihdemu.com\/wp-content\/uploads\/2023\/05\/instituto-hispanico-de-murcia-Guerra3-768x768.jpeg 768w, https:\/\/ihdemu.com\/wp-content\/uploads\/2023\/05\/instituto-hispanico-de-murcia-Guerra3-600x600.jpeg 600w, https:\/\/ihdemu.com\/wp-content\/uploads\/2023\/05\/instituto-hispanico-de-murcia-Guerra3-100x100.jpeg 100w, https:\/\/ihdemu.com\/wp-content\/uploads\/2023\/05\/instituto-hispanico-de-murcia-Guerra3-50x50.jpeg 50w, https:\/\/ihdemu.com\/wp-content\/uploads\/2023\/05\/instituto-hispanico-de-murcia-Guerra3.jpeg 1024w\" sizes=\"(max-width: 300px) 100vw, 300px\" \/><\/p>\n<p style=\"font-weight: 400;\">Durante la Guerra Civile, Madrid \u00e8 stata assediata dalle <strong>forze franchiste<\/strong> per oltre due anni. La citt\u00e0 ha resistito all&#8217;attacco con l&#8217;aiuto delle Brigate Internazionali e dei partigiani spagnoli, fino a quando finalmente, nel marzo del 1939, le forze franchiste sono entrate in citt\u00e0.<\/p>\n<h4 style=\"font-weight: 400;\"><strong>La Battaglia dell&#8217;Ebro <\/strong><\/h4>\n<p style=\"font-weight: 400;\">La Battaglia dell&#8217;Ebro \u00e8 stata la battaglia pi\u00f9 lunga e sanguinosa della Guerra Civile Spagnola, che ha avuto luogo nell&#8217;estate del 1938. \u00c8 stata una massiccia offensiva repubblicana sul fiume Ebro, alla quale hanno partecipato circa <strong>80.000 soldati<\/strong>. Nonostante il fatto che il fronte repubblicano ha ottenuto alcune vittorie iniziali, alla fine \u00e8 stato sconfitto dalle forze franchiste.<\/p>\n<h4 style=\"font-weight: 400;\"><strong>L&#8217;aiuto di Germania e Italia a Franco<\/strong><\/h4>\n<p style=\"font-weight: 400;\">Durante la Guerra Civile, il generale Franco ha ricevuto aiuto militare e finanziario dalle dittature di Germania e Italia. Entrambi i paesi hanno inviato aerei, carri armati e truppe per sostenere il fronte nazionalista. Questo aiuto \u00e8 stato determinante per la <strong>vittoria finale<\/strong> di Franco.<\/p>\n<h4 style=\"font-weight: 400;\"><strong>L&#8217;esilio dei repubblicani<\/strong><\/h4>\n<p style=\"font-weight: 400;\">Dopo la vittoria di Franco nel 1939, molti <strong>repubblicani sono fuggiti dalla Spagna<\/strong> per evitare la repressione e la vendetta delle forze franchiste. Si stima che pi\u00f9 di <strong>500.000 persone<\/strong> hanno abbandonato il paese, molte delle quali si sono stabilite in paesi latinoamericani e in Francia.<\/p>\n<h2 style=\"font-weight: 400;\"><strong>La Guerra Civile come preludio alla Seconda Guerra Mondiale<\/strong><\/h2>\n<p>&nbsp;<\/p>\n<p><img decoding=\"async\" class=\"alignnone size-medium wp-image-62464\" src=\"https:\/\/ihdemu.com\/wp-content\/uploads\/2023\/05\/instituto-hispanico-de-murcia-Guerra-300x300.jpeg\" alt=\"Instituto Hispanico de Murcia - Blog - Guerra \" width=\"300\" height=\"300\" srcset=\"https:\/\/ihdemu.com\/wp-content\/uploads\/2023\/05\/instituto-hispanico-de-murcia-Guerra-300x300.jpeg 300w, https:\/\/ihdemu.com\/wp-content\/uploads\/2023\/05\/instituto-hispanico-de-murcia-Guerra-150x150.jpeg 150w, https:\/\/ihdemu.com\/wp-content\/uploads\/2023\/05\/instituto-hispanico-de-murcia-Guerra-768x768.jpeg 768w, https:\/\/ihdemu.com\/wp-content\/uploads\/2023\/05\/instituto-hispanico-de-murcia-Guerra-600x600.jpeg 600w, https:\/\/ihdemu.com\/wp-content\/uploads\/2023\/05\/instituto-hispanico-de-murcia-Guerra-100x100.jpeg 100w, https:\/\/ihdemu.com\/wp-content\/uploads\/2023\/05\/instituto-hispanico-de-murcia-Guerra-50x50.jpeg 50w, https:\/\/ihdemu.com\/wp-content\/uploads\/2023\/05\/instituto-hispanico-de-murcia-Guerra.jpeg 1024w\" sizes=\"(max-width: 300px) 100vw, 300px\" \/><\/p>\n<p style=\"font-weight: 400;\">La Guerra Civile Spagnola \u00e8 stata vista da molti come una sorta di preludio alla Seconda Guerra Mondiale. Le potenze fasciste di Germania e Italia hanno sostenuto <strong>Franco<\/strong>, mentre l&#8217;Unione Sovietica ha sostenuto i <strong>repubblicani<\/strong>.<\/p>\n<p style=\"font-weight: 400;\">La guerra civile spagnola \u00e8 stata anche una delle <strong>prime guerre<\/strong> in cui \u00e8 stata utilizzata la <strong>propaganda come arma<\/strong>. Entrambi i fronti hanno utilizzato la propaganda per mobilitare i loro sostenitori e demonizzare il nemico. La propaganda \u00e8 stata anche utilizzata per reclutare volontari stranieri per combattere nella guerra.<\/p>\n<p style=\"font-weight: 400;\">Dopo tre anni di guerra, il <strong>fronte nazionalista ha finalmente ottenuto la vittoria<\/strong>. Il 1\u00b0 aprile 1939, Franco ha annunciato ufficialmente la fine della Guerra Civile Spagnola. La vittoria di Franco ha avuto gravi conseguenze per la Spagna. Durante la dittatura di Franco, che \u00e8 durata fino alla sua morte nel 1975, sono state <strong>soppresse le libert\u00e0 civili e politiche<\/strong>, i dissidenti sono stati perseguitati e le minoranze sono state represse. Inoltre, l&#8217;economia spagnola ha sofferto per molti anni a causa della distruzione e della perdita di risorse durante la guerra civile.<\/p>\n<p style=\"font-weight: 400;\">La Guerra Civile Spagnola \u00e8 stata un <strong>conflitto complesso e devastante<\/strong> che ha avuto profonde conseguenze sia per la Spagna che per il mondo in generale. Per tre anni, il paese \u00e8 stato coinvolto in una lotta per il potere e per l&#8217;ideologia che ha diviso le famiglie e le comunit\u00e0. Nonostante la guerra sia terminata oltre 80 anni fa, resta un tema di interesse e dibattito per molti ed ha lasciato un&#8217;indelebile <strong>impronta nella storia della Spagna<\/strong> e del mondo.<\/p>\n","protected":false},"excerpt":{"rendered":"<p>La Guerra Civile Spagnola \u00e8 stata un conflitto che si \u00e8 svolto tra il 1936 e il 1939 e ha visto contrapposti i repubblicani, rappresentanti dei settori pi\u00f9 progressisti e di sinistra del paese, ai nazionalisti, sostenuti dalle forze conservatrici e di destra.<\/p>\n","protected":false},"author":15,"featured_media":62489,"comment_status":"closed","ping_status":"closed","sticky":false,"template":"","format":"standard","meta":{"_acf_changed":false,"inline_featured_image":false,"site-sidebar-layout":"default","site-content-layout":"default","ast-site-content-layout":"default","site-content-style":"default","site-sidebar-style":"default","ast-global-header-display":"","ast-banner-title-visibility":"","ast-main-header-display":"","ast-hfb-above-header-display":"","ast-hfb-below-header-display":"","ast-hfb-mobile-header-display":"","site-post-title":"","ast-breadcrumbs-content":"","ast-featured-img":"","footer-sml-layout":"","ast-disable-related-posts":"","theme-transparent-header-meta":"default","adv-header-id-meta":"","stick-header-meta":"default","header-above-stick-meta":"","header-main-stick-meta":"","header-below-stick-meta":"","astra-migrate-meta-layouts":"set","ast-page-background-enabled":"default","ast-page-background-meta":{"desktop":{"background-color":"var(--ast-global-color-4)","background-image":"","background-repeat":"repeat","background-position":"center center","background-size":"auto","background-attachment":"scroll","background-type":"","background-media":"","overlay-type":"","overlay-color":"","overlay-opacity":"","overlay-gradient":""},"tablet":{"background-color":"","background-image":"","background-repeat":"repeat","background-position":"center center","background-size":"auto","background-attachment":"scroll","background-type":"","background-media":"","overlay-type":"","overlay-color":"","overlay-opacity":"","overlay-gradient":""},"mobile":{"background-color":"","background-image":"","background-repeat":"repeat","background-position":"center center","background-size":"auto","background-attachment":"scroll","background-type":"","background-media":"","overlay-type":"","overlay-color":"","overlay-opacity":"","overlay-gradient":""}},"ast-content-background-meta":{"desktop":{"background-color":"var(--ast-global-color-5)","background-image":"","background-repeat":"repeat","background-position":"center center","background-size":"auto","background-attachment":"scroll","background-type":"","background-media":"","overlay-type":"","overlay-color":"","overlay-opacity":"","overlay-gradient":""},"tablet":{"background-color":"var(--ast-global-color-5)","background-image":"","background-repeat":"repeat","background-position":"center center","background-size":"auto","background-attachment":"scroll","background-type":"","background-media":"","overlay-type":"","overlay-color":"","overlay-opacity":"","overlay-gradient":""},"mobile":{"background-color":"var(--ast-global-color-5)","background-image":"","background-repeat":"repeat","background-position":"center center","background-size":"auto","background-attachment":"scroll","background-type":"","background-media":"","overlay-type":"","overlay-color":"","overlay-opacity":"","overlay-gradient":""}},"footnotes":""},"categories":[672],"tags":[],"class_list":["post-74193","post","type-post","status-publish","format-standard","has-post-thumbnail","hentry","category-cultura"],"acf":[],"_links":{"self":[{"href":"https:\/\/ihdemu.com\/it\/wp-json\/wp\/v2\/posts\/74193","targetHints":{"allow":["GET"]}}],"collection":[{"href":"https:\/\/ihdemu.com\/it\/wp-json\/wp\/v2\/posts"}],"about":[{"href":"https:\/\/ihdemu.com\/it\/wp-json\/wp\/v2\/types\/post"}],"author":[{"embeddable":true,"href":"https:\/\/ihdemu.com\/it\/wp-json\/wp\/v2\/users\/15"}],"replies":[{"embeddable":true,"href":"https:\/\/ihdemu.com\/it\/wp-json\/wp\/v2\/comments?post=74193"}],"version-history":[{"count":1,"href":"https:\/\/ihdemu.com\/it\/wp-json\/wp\/v2\/posts\/74193\/revisions"}],"predecessor-version":[{"id":110485,"href":"https:\/\/ihdemu.com\/it\/wp-json\/wp\/v2\/posts\/74193\/revisions\/110485"}],"wp:featuredmedia":[{"embeddable":true,"href":"https:\/\/ihdemu.com\/it\/wp-json\/wp\/v2\/media\/62489"}],"wp:attachment":[{"href":"https:\/\/ihdemu.com\/it\/wp-json\/wp\/v2\/media?parent=74193"}],"wp:term":[{"taxonomy":"category","embeddable":true,"href":"https:\/\/ihdemu.com\/it\/wp-json\/wp\/v2\/categories?post=74193"},{"taxonomy":"post_tag","embeddable":true,"href":"https:\/\/ihdemu.com\/it\/wp-json\/wp\/v2\/tags?post=74193"}],"curies":[{"name":"wp","href":"https:\/\/api.w.org\/{rel}","templated":true}]}}