{"id":22453,"date":"2022-11-23T18:36:57","date_gmt":"2022-11-23T17:36:57","guid":{"rendered":"https:\/\/ihdemu.com\/?p=22453"},"modified":"2026-03-11T09:44:50","modified_gmt":"2026-03-11T08:44:50","slug":"7-cudownych-zakatkow-w-regionie-murcja","status":"publish","type":"post","link":"https:\/\/ihdemu.com\/pl\/7-cudownych-zakatkow-w-regionie-murcja\/","title":{"rendered":"7 cudownych zak\u0105tk\u00f3w w regionie Murcja"},"content":{"rendered":"<p><strong>Region Murcja<\/strong> znajduje si\u0119 na po\u0142udniowym wschodzie <strong>P\u00f3\u0142wyspu Iberyjskiego w Hiszpanii<\/strong>, kraju charakteryzuj\u0105cym si\u0119 zainteresowaniem turyst\u00f3w, kt\u00f3re wzbudza gastronomia, kultura i perspektywa wypoczynku.<\/p>\n<p>Pomimo tego, \u017ce krajobraz po\u0142udniowej Hiszpanii, z niewielkimi opadami deszczu w ci\u0105gu roku i suchym klimatem, kontrastuje z krajobrazem p\u00f3\u0142nocy kraju, gdzie cz\u0119sto mo\u017cna znale\u017a\u0107 wiele zieleni z powodu cz\u0119stych opad\u00f3w, nasze po\u0142o\u017cenie geograficzne oferuje mn\u00f3stwo pi\u0119knych miejsc, kt\u00f3re nazwiemy <strong>wspania\u0142ymi zak\u0105tkami.<\/strong><\/p>\n<p>Aby po\u0142\u0105czy\u0107 ze sob\u0105 oba krajobrazy i mie\u0107 jak najlepsze wra\u017cenia turystyczne, mo\u017cna skorzysta\u0107 \u00a0na przyk\u0142ad z widok\u00f3w zachod\u00f3w i wschod\u00f3w s\u0142o\u0144ca, kt\u00f3re oferuje Region Murcji, wykorzystuj\u0105c fakt, \u017ce s\u0105 miejsca, z kt\u00f3rych mo\u017cemy skorzysta\u0107 z cienia, wody \u00a0i krajobraz\u00f3w, kt\u00f3re nam oferuje.<\/p>\n<p>Rzeki s\u0105 r\u00f3wnie\u017c korzystnym zasobem do cieszenia si\u0119 natur\u0105 w tym samym czasie, gdy wykorzystujemy czas na pokonanie upa\u0142u, poniewa\u017c region ten charakteryzuje si\u0119 bardzo <strong>gor\u0105cymi latami<\/strong> z ekstremalnymi temperaturami do oko\u0142o 45-50 stopni Celsjusza, co doprowadza do sytuacji w kt\u00f3rych nie zaleca si\u0119 wychodzenia z domu, chyba \u017ce istnieje podstawowa potrzeba lub zamierzasz odwiedzi\u0107 obiekty wodne, <strong>w kt\u00f3rych mo\u017cna si\u0119 och\u0142odzi\u0107.<\/strong><\/p>\n<p><a href=\"https:\/\/ihdemu.com\/wp-content\/uploads\/2022\/11\/Instituto-Hispanico-de-Murcia-7-rincones-maravillosos-de-la-region-de-Murcia.jpg\"><img fetchpriority=\"high\" decoding=\"async\" class=\"aligncenter wp-image-24161 size-full\" style=\"display: block; margin-left: auto; margin-right: auto;\" src=\"https:\/\/ihdemu.com\/wp-content\/uploads\/2022\/11\/Instituto-Hispanico-de-Murcia-7-rincones-maravillosos-de-la-region-de-Murcia.jpg\" alt=\"Cudowne miejsca w regionie Murcia\" width=\"1200\" height=\"675\" srcset=\"https:\/\/ihdemu.com\/wp-content\/uploads\/2022\/11\/Instituto-Hispanico-de-Murcia-7-rincones-maravillosos-de-la-region-de-Murcia.jpg 1200w, https:\/\/ihdemu.com\/wp-content\/uploads\/2022\/11\/Instituto-Hispanico-de-Murcia-7-rincones-maravillosos-de-la-region-de-Murcia-300x169.jpg 300w, https:\/\/ihdemu.com\/wp-content\/uploads\/2022\/11\/Instituto-Hispanico-de-Murcia-7-rincones-maravillosos-de-la-region-de-Murcia-1024x576.jpg 1024w, https:\/\/ihdemu.com\/wp-content\/uploads\/2022\/11\/Instituto-Hispanico-de-Murcia-7-rincones-maravillosos-de-la-region-de-Murcia-768x432.jpg 768w, https:\/\/ihdemu.com\/wp-content\/uploads\/2022\/11\/Instituto-Hispanico-de-Murcia-7-rincones-maravillosos-de-la-region-de-Murcia-600x338.jpg 600w\" sizes=\"(max-width: 1200px) 100vw, 1200px\" \/><\/a><\/p>\n<p>Je\u015bli chodzi o <strong>dziedzictwo historyczne<\/strong> tego obszaru, mo\u017cesz odwiedzi\u0107 staro\u017cytne obszary zar\u00f3wno w okolicy Altiplano, jak i p\u00f3\u0142nocno-zachodniej cz\u0119\u015bci regionu Murcja, gdzie jest r\u00f3wnie\u017c wiele wspania\u0142ych miejsc do zwiedzenia.<\/p>\n<p>W <strong>strefie przybrze\u017cnej<\/strong> znajduje si\u0119 Mar Menor, kt\u00f3ry tworzy obszar La Manga, krain\u0119 oddzielaj\u0105c\u0105 wy\u017cej wspomniany Mar Menor od Morza \u015ar\u00f3dziemnego.\u00a0I to w\u0142a\u015bnie w regionie Murcji znajduj\u0105 si\u0119 <strong>miasta pe\u0142ne historii<\/strong>, zamk\u00f3w, zatoczek, pa\u0142ac\u00f3w i miejsc, z t\u0105 zalet\u0105, \u017ce mieszcz\u0105 si\u0119 one w pobliskich obszarach i s\u0105 dost\u0119pne dla ka\u017cdego, kto ma pojazd.<\/p>\n<p>Podsumowuj\u0105c, region Murcji posiada kultur\u0119, dziedzictwo, histori\u0119, dziewicze pla\u017ce, kaniony, lasy \u0142\u0119gowe, jaskinie i unikalne krajobrazy, wkraczaj\u0105c zar\u00f3wno w konteksty przygody, jak i relaksu, charakteryzuj\u0105ce si\u0119 niezapomnianymi pejza\u017cami i wieloma niezwyk\u0142ymi zak\u0105tkami, kt\u00f3re poni\u017cej zaprezentujemy w artykule, nie mog\u0105c nie wspomnie\u0107 o pierwszym obszarze, (Salto del Usero), sk\u0142adaj\u0105cym si\u0119 z serii basen\u00f3w wykopanych przez rzek\u0119 Mula ze skokiem o niewielkiej wysoko\u015bci, ale za to bardzo fotogenicznym.<\/p>\n<p>Na naszych <a href=\"https:\/\/ihdemu.com\/pl\/kursy-hiszpanskiego\/\">kursach j\u0119zyka hiszpa\u0144skiego<\/a>, b\u0119dziesz m\u00f3g\u0142 odkry\u0107 o wiele wi\u0119cej ukrytych klejnot\u00f3w Murcji.<\/p>\n<h3 style=\"text-align: left;\">GREDAS DE BOLNUEVO<\/h3>\n<p><a href=\"https:\/\/ihdemu.com\/wp-content\/uploads\/2022\/11\/Instituto-Hispanico-de-Murcia-7-rincones-maravillosos-de-la-region-de-Murcia-2.jpg\"><img decoding=\"async\" class=\"aligncenter wp-image-24171\" style=\"display: block; margin-left: auto; margin-right: auto;\" src=\"https:\/\/ihdemu.com\/wp-content\/uploads\/2022\/11\/Instituto-Hispanico-de-Murcia-7-rincones-maravillosos-de-la-region-de-Murcia-2.jpg\" alt=\"Gliny Bolnuevo, Mazarr\u00f3n, Murcia\" width=\"750\" height=\"422\" srcset=\"https:\/\/ihdemu.com\/wp-content\/uploads\/2022\/11\/Instituto-Hispanico-de-Murcia-7-rincones-maravillosos-de-la-region-de-Murcia-2.jpg 1200w, https:\/\/ihdemu.com\/wp-content\/uploads\/2022\/11\/Instituto-Hispanico-de-Murcia-7-rincones-maravillosos-de-la-region-de-Murcia-2-300x169.jpg 300w, https:\/\/ihdemu.com\/wp-content\/uploads\/2022\/11\/Instituto-Hispanico-de-Murcia-7-rincones-maravillosos-de-la-region-de-Murcia-2-1024x576.jpg 1024w, https:\/\/ihdemu.com\/wp-content\/uploads\/2022\/11\/Instituto-Hispanico-de-Murcia-7-rincones-maravillosos-de-la-region-de-Murcia-2-768x432.jpg 768w, https:\/\/ihdemu.com\/wp-content\/uploads\/2022\/11\/Instituto-Hispanico-de-Murcia-7-rincones-maravillosos-de-la-region-de-Murcia-2-600x338.jpg 600w\" sizes=\"(max-width: 750px) 100vw, 750px\" \/><\/a><\/p>\n<p>Erozja jest bohaterem tego naturalnego zak\u0105tka po\u0142o\u017conego w pobli\u017cu Puerto de Mazarr\u00f3n, na wybrze\u017cu regionu. Na ziemi widzimy bloki piaskowca, kt\u00f3re zosta\u0142y wyrze\u017abione przez wiatr z nieco wyrafinowanym efektem. Nazywane jest \u201ezaczarowanym miastem\u201d.<\/p>\n<h3 style=\"text-align: left;\">MOUNT ARAB\u00cd<\/h3>\n<p><a href=\"https:\/\/ihdemu.com\/wp-content\/uploads\/2022\/11\/Instituto-Hispanico-de-Murcia-7-rincones-maravillosos-de-la-region-de-Murcia-3.jpg\"><img decoding=\"async\" class=\"aligncenter wp-image-24180\" style=\"display: block; margin-left: auto; margin-right: auto;\" src=\"https:\/\/ihdemu.com\/wp-content\/uploads\/2022\/11\/Instituto-Hispanico-de-Murcia-7-rincones-maravillosos-de-la-region-de-Murcia-3.jpg\" alt=\"Monte Arab\u00ed, Yecla, Murcja\" width=\"750\" height=\"422\" srcset=\"https:\/\/ihdemu.com\/wp-content\/uploads\/2022\/11\/Instituto-Hispanico-de-Murcia-7-rincones-maravillosos-de-la-region-de-Murcia-3.jpg 1200w, https:\/\/ihdemu.com\/wp-content\/uploads\/2022\/11\/Instituto-Hispanico-de-Murcia-7-rincones-maravillosos-de-la-region-de-Murcia-3-300x169.jpg 300w, https:\/\/ihdemu.com\/wp-content\/uploads\/2022\/11\/Instituto-Hispanico-de-Murcia-7-rincones-maravillosos-de-la-region-de-Murcia-3-1024x576.jpg 1024w, https:\/\/ihdemu.com\/wp-content\/uploads\/2022\/11\/Instituto-Hispanico-de-Murcia-7-rincones-maravillosos-de-la-region-de-Murcia-3-768x432.jpg 768w, https:\/\/ihdemu.com\/wp-content\/uploads\/2022\/11\/Instituto-Hispanico-de-Murcia-7-rincones-maravillosos-de-la-region-de-Murcia-3-600x338.jpg 600w\" sizes=\"(max-width: 750px) 100vw, 750px\" \/><\/a><\/p>\n<p>W tym przypadku erozja rodzi inn\u0105 form\u0119, ale prowadzi do tego samego zainteresowania, kt\u00f3re jest niczym innym, jak zachwycaniem nas spektakularnym krajobrazem, w tym przypadku jaskiniami. Niekt\u00f3re s\u0105 tak wyj\u0105tkowe jak Mediodia, kt\u00f3rego nazwa wynika z faktu, \u017ce gdy cie\u0144 dociera na szczyt, jest s\u0142oneczne po\u0142udnie. Znajduje si\u0119 w Yecla, na p\u00f3\u0142noc od regionu Murcja.<\/p>\n<h3 style=\"text-align: left;\"><strong>SALINAS Y ARENALES DE SAN PEDRO DEL PINATAR<\/strong><\/h3>\n<p><a href=\"https:\/\/ihdemu.com\/wp-content\/uploads\/2022\/11\/Instituto-Hispanico-de-Murcia-7-rincones-maravillosos-de-la-region-de-Murcia-4.jpg\"><img loading=\"lazy\" decoding=\"async\" class=\"aligncenter wp-image-24189\" style=\"display: block; margin-left: auto; margin-right: auto;\" src=\"https:\/\/ihdemu.com\/wp-content\/uploads\/2022\/11\/Instituto-Hispanico-de-Murcia-7-rincones-maravillosos-de-la-region-de-Murcia-4.jpg\" alt=\"Warzelnie soli w San Pedro, Murcia\" width=\"750\" height=\"422\" srcset=\"https:\/\/ihdemu.com\/wp-content\/uploads\/2022\/11\/Instituto-Hispanico-de-Murcia-7-rincones-maravillosos-de-la-region-de-Murcia-4.jpg 1200w, https:\/\/ihdemu.com\/wp-content\/uploads\/2022\/11\/Instituto-Hispanico-de-Murcia-7-rincones-maravillosos-de-la-region-de-Murcia-4-300x169.jpg 300w, https:\/\/ihdemu.com\/wp-content\/uploads\/2022\/11\/Instituto-Hispanico-de-Murcia-7-rincones-maravillosos-de-la-region-de-Murcia-4-1024x576.jpg 1024w, https:\/\/ihdemu.com\/wp-content\/uploads\/2022\/11\/Instituto-Hispanico-de-Murcia-7-rincones-maravillosos-de-la-region-de-Murcia-4-768x432.jpg 768w, https:\/\/ihdemu.com\/wp-content\/uploads\/2022\/11\/Instituto-Hispanico-de-Murcia-7-rincones-maravillosos-de-la-region-de-Murcia-4-600x338.jpg 600w\" sizes=\"(max-width: 750px) 100vw, 750px\" \/><\/a><\/p>\n<p>&nbsp;<\/p>\n<p>Jest to przestrze\u0144 chroniona w okolicy. W 1985 roku zosta\u0142 uznany za chroniony rezerwat przyrody, a kilka lat p\u00f3\u017aniej, w 1992 roku zosta\u0142 przemianowany na Park Regionalny. Znajduje si\u0119 w strefie przybrze\u017cnej, w jej wn\u0119trzu mie\u015bci si\u0119 port i solniska. Jest to miejsce o du\u017cym zainteresowaniu turystycznym, szczeg\u00f3lnie latem, z ponad 8 kilometrami pla\u017c po\u0142o\u017conych nad Morzem \u015ar\u00f3dziemnym i Mar Menor.<\/p>\n<h3 style=\"text-align: left;\">CALBLANQUE<\/h3>\n<p><a href=\"https:\/\/ihdemu.com\/wp-content\/uploads\/2022\/11\/Instituto-Hispanico-de-Murcia-7-rincones-maravillosos-de-la-region-de-Murcia-5.jpg\"><img loading=\"lazy\" decoding=\"async\" class=\"aligncenter wp-image-24198\" style=\"display: block; margin-left: auto; margin-right: auto;\" src=\"https:\/\/ihdemu.com\/wp-content\/uploads\/2022\/11\/Instituto-Hispanico-de-Murcia-7-rincones-maravillosos-de-la-region-de-Murcia-5.jpg\" alt=\"Calblanque, Murcja. Niesamowite pla\u017ce\" width=\"750\" height=\"422\" srcset=\"https:\/\/ihdemu.com\/wp-content\/uploads\/2022\/11\/Instituto-Hispanico-de-Murcia-7-rincones-maravillosos-de-la-region-de-Murcia-5.jpg 1200w, https:\/\/ihdemu.com\/wp-content\/uploads\/2022\/11\/Instituto-Hispanico-de-Murcia-7-rincones-maravillosos-de-la-region-de-Murcia-5-300x169.jpg 300w, https:\/\/ihdemu.com\/wp-content\/uploads\/2022\/11\/Instituto-Hispanico-de-Murcia-7-rincones-maravillosos-de-la-region-de-Murcia-5-1024x576.jpg 1024w, https:\/\/ihdemu.com\/wp-content\/uploads\/2022\/11\/Instituto-Hispanico-de-Murcia-7-rincones-maravillosos-de-la-region-de-Murcia-5-768x432.jpg 768w, https:\/\/ihdemu.com\/wp-content\/uploads\/2022\/11\/Instituto-Hispanico-de-Murcia-7-rincones-maravillosos-de-la-region-de-Murcia-5-600x338.jpg 600w\" sizes=\"(max-width: 750px) 100vw, 750px\" \/><\/a><\/p>\n<p>Pla\u017ce i Park Naturalny to s\u0142owa, kt\u00f3re definiuj\u0105 t\u0119 lokalizacj\u0119. Jest mniejszy ni\u017c inne tego typu miejsca. Posiada wiele struktur i materia\u0142\u00f3w geologicznych, z kt\u00f3rych powsta\u0142y kopalne wydmy, klify czy ska\u0142y wapienne i metamorficzne.<\/p>\n<p>Przedstawia bardziej tolerancyjny klimat dla turyst\u00f3w, dzi\u0119ki czemu wizyta jest wa\u017cna przez ca\u0142y rok. Jest to obszar o niewielkim wp\u0142ywie na \u015brodowisko, wi\u0119c je\u015bli interesuje Ci\u0119 odwiedzenie obszaru, kt\u00f3ry jest jak najbardziej naturalny i dziewiczy, to jest to miejsce dla Ciebie.<\/p>\n<h3><span id=\"fuentes-del-marques\">FUENTES DEL MARQU\u00c9S<\/span><\/h3>\n<p><a href=\"https:\/\/ihdemu.com\/wp-content\/uploads\/2022\/11\/Instituto-Hispanico-de-Murcia-7-rincones-maravillosos-de-la-region-de-Murcia-6.jpg\"><img loading=\"lazy\" decoding=\"async\" class=\"aligncenter wp-image-24207\" style=\"display: block; margin-left: auto; margin-right: auto;\" src=\"https:\/\/ihdemu.com\/wp-content\/uploads\/2022\/11\/Instituto-Hispanico-de-Murcia-7-rincones-maravillosos-de-la-region-de-Murcia-6.jpg\" alt=\"\u0179r\u00f3d\u0142a markiza, Caravaca de la Cruz, Murcia\" width=\"750\" height=\"422\" srcset=\"https:\/\/ihdemu.com\/wp-content\/uploads\/2022\/11\/Instituto-Hispanico-de-Murcia-7-rincones-maravillosos-de-la-region-de-Murcia-6.jpg 1200w, https:\/\/ihdemu.com\/wp-content\/uploads\/2022\/11\/Instituto-Hispanico-de-Murcia-7-rincones-maravillosos-de-la-region-de-Murcia-6-300x169.jpg 300w, https:\/\/ihdemu.com\/wp-content\/uploads\/2022\/11\/Instituto-Hispanico-de-Murcia-7-rincones-maravillosos-de-la-region-de-Murcia-6-1024x576.jpg 1024w, https:\/\/ihdemu.com\/wp-content\/uploads\/2022\/11\/Instituto-Hispanico-de-Murcia-7-rincones-maravillosos-de-la-region-de-Murcia-6-768x432.jpg 768w, https:\/\/ihdemu.com\/wp-content\/uploads\/2022\/11\/Instituto-Hispanico-de-Murcia-7-rincones-maravillosos-de-la-region-de-Murcia-6-600x338.jpg 600w\" sizes=\"(max-width: 750px) 100vw, 750px\" \/><\/a><\/p>\n<p>W p\u00f3\u0142nocno-zachodniej cz\u0119\u015bci regionu Murcja, a konkretnie w Caravaca de la Cruz<strong>,<\/strong> \u015bwi\u0119tym mie\u015bcie, znajduje si\u0119 chroniony obszar przyrodniczy, gdzie opr\u00f3cz ca\u0142ej r\u00f3\u017cnorodno\u015bci wegetatywnej, kt\u00f3r\u0105 mo\u017cna znale\u017a\u0107, znajduj\u0105 si\u0119 liczne \u017ar\u00f3d\u0142a.<\/p>\n<p>Jest to idealne miejsce zar\u00f3wno na spacer z rodzin\u0105 w niedzielne popo\u0142udnie, jak i na sport w ci\u0105gu tygodnia korzystaj\u0105c z dobrodziejstw zadbanego \u015brodowiska naturalnego. Mo\u017cesz zobaczy\u0107 Torre\u00f3n de los Templarios, islamskie miejsce El Copo lub sztuczne jaskinie Marqu\u00e9s. S\u0105 to jaskinie wykute w skale z okresu muzu\u0142ma\u0144skiego, z pozosta\u0142o\u015bciami rur i innych konstrukcji.<\/p>\n<h3>SIERRA ESPU\u00d1A<\/h3>\n<p><a href=\"https:\/\/ihdemu.com\/wp-content\/uploads\/2022\/11\/Instituto-Hispanico-de-Murcia-7-rincones-maravillosos-de-la-region-de-Murcia-7.jpg\"><img loading=\"lazy\" decoding=\"async\" class=\"aligncenter wp-image-24216\" style=\"display: block; margin-left: auto; margin-right: auto;\" src=\"https:\/\/ihdemu.com\/wp-content\/uploads\/2022\/11\/Instituto-Hispanico-de-Murcia-7-rincones-maravillosos-de-la-region-de-Murcia-7.jpg\" alt=\"G\u00f3ra Sierra Espu\u00f1a, Murcja\" width=\"750\" height=\"422\" srcset=\"https:\/\/ihdemu.com\/wp-content\/uploads\/2022\/11\/Instituto-Hispanico-de-Murcia-7-rincones-maravillosos-de-la-region-de-Murcia-7.jpg 1200w, https:\/\/ihdemu.com\/wp-content\/uploads\/2022\/11\/Instituto-Hispanico-de-Murcia-7-rincones-maravillosos-de-la-region-de-Murcia-7-300x169.jpg 300w, https:\/\/ihdemu.com\/wp-content\/uploads\/2022\/11\/Instituto-Hispanico-de-Murcia-7-rincones-maravillosos-de-la-region-de-Murcia-7-1024x576.jpg 1024w, https:\/\/ihdemu.com\/wp-content\/uploads\/2022\/11\/Instituto-Hispanico-de-Murcia-7-rincones-maravillosos-de-la-region-de-Murcia-7-768x432.jpg 768w, https:\/\/ihdemu.com\/wp-content\/uploads\/2022\/11\/Instituto-Hispanico-de-Murcia-7-rincones-maravillosos-de-la-region-de-Murcia-7-600x338.jpg 600w\" sizes=\"(max-width: 750px) 100vw, 750px\" \/><\/a><\/p>\n<p>W obr\u0119bie dorzecza Segura jest to jedno z najbardziej turystycznych miejsc w okolicy, z naturalnym \u015brodowiskiem, w kt\u00f3rym odbywa si\u0119 wiele aktywno\u015bci. W 1917 r. zosta\u0142 skatalogowany jako Park Regionalny, a nast\u0119pnie uznany za obiekt przyrodniczy o znaczeniu krajowym i Park Naturalny.<\/p>\n<p>Mo\u017cna tu obserwowa\u0107 zar\u00f3wno kotliny, jak i w\u0105wozy, z kt\u00f3rych cz\u0119\u015b\u0107 oferuje widzowi sugestywny pustynny krajobraz.<\/p>\n<h3>SALTO DEL USERO<\/h3>\n<p><a href=\"https:\/\/ihdemu.com\/wp-content\/uploads\/2022\/11\/Instituto-Hispanico-de-Murcia-7-rincones-maravillosos-de-la-region-de-Murcia-8.jpg\"><img loading=\"lazy\" decoding=\"async\" class=\"aligncenter wp-image-24225\" style=\"display: block; margin-left: auto; margin-right: auto;\" src=\"https:\/\/ihdemu.com\/wp-content\/uploads\/2022\/11\/Instituto-Hispanico-de-Murcia-7-rincones-maravillosos-de-la-region-de-Murcia-8.jpg\" alt=\"Salto del Usero, Bullas, Murcja\" width=\"750\" height=\"422\" srcset=\"https:\/\/ihdemu.com\/wp-content\/uploads\/2022\/11\/Instituto-Hispanico-de-Murcia-7-rincones-maravillosos-de-la-region-de-Murcia-8.jpg 1200w, https:\/\/ihdemu.com\/wp-content\/uploads\/2022\/11\/Instituto-Hispanico-de-Murcia-7-rincones-maravillosos-de-la-region-de-Murcia-8-300x169.jpg 300w, https:\/\/ihdemu.com\/wp-content\/uploads\/2022\/11\/Instituto-Hispanico-de-Murcia-7-rincones-maravillosos-de-la-region-de-Murcia-8-1024x576.jpg 1024w, https:\/\/ihdemu.com\/wp-content\/uploads\/2022\/11\/Instituto-Hispanico-de-Murcia-7-rincones-maravillosos-de-la-region-de-Murcia-8-768x432.jpg 768w, https:\/\/ihdemu.com\/wp-content\/uploads\/2022\/11\/Instituto-Hispanico-de-Murcia-7-rincones-maravillosos-de-la-region-de-Murcia-8-600x338.jpg 600w\" sizes=\"(max-width: 750px) 100vw, 750px\" \/><\/a><\/p>\n<p>Znajduje si\u0119 on w gminie Bullas i jest naturalnym miejscem, w kt\u00f3rym mo\u017cna obserwowa\u0107 procesy erozyjne. Erozja ta utworzy\u0142a wodospad o wysoko\u015bci 3-4 metr\u00f3w, tworz\u0105c do\u015b\u0107 g\u0142\u0119boki basen, kt\u00f3ry jest stale wype\u0142niony wod\u0105, w duzym stopniu wykorzystywany przez turyst\u00f3w do skok\u00f3w, tworz\u0105cy naprawd\u0119 spektakularny krajobraz.<\/p>\n<p>Na co czekasz? Przyjed\u017a do <a href=\"https:\/\/ihdemu.com\/pl\/murcja\/\" target=\"_self\" rel=\"noopener\">Murcji<\/a> i odkryj te wspania\u0142e miejsca!<\/p>\n","protected":false},"excerpt":{"rendered":"<p>Odkryj Region Murcji i zakochaj si\u0119 w jego kulturze, historii, rajskich pla\u017cach i zapieraj\u0105cych dech w piersiach krajobrazach. Zaplanuj swoj\u0105 wizyt\u0119 teraz i prze\u017cyj niezapomniane do\u015bwiadczenie!<\/p>\n","protected":false},"author":3,"featured_media":24161,"comment_status":"closed","ping_status":"closed","sticky":false,"template":"","format":"standard","meta":{"_acf_changed":false,"inline_featured_image":false,"site-sidebar-layout":"default","site-content-layout":"default","ast-site-content-layout":"default","site-content-style":"default","site-sidebar-style":"default","ast-global-header-display":"","ast-banner-title-visibility":"","ast-main-header-display":"","ast-hfb-above-header-display":"","ast-hfb-below-header-display":"","ast-hfb-mobile-header-display":"","site-post-title":"","ast-breadcrumbs-content":"","ast-featured-img":"","footer-sml-layout":"","ast-disable-related-posts":"","theme-transparent-header-meta":"default","adv-header-id-meta":"","stick-header-meta":"default","header-above-stick-meta":"","header-main-stick-meta":"","header-below-stick-meta":"","astra-migrate-meta-layouts":"set","ast-page-background-enabled":"default","ast-page-background-meta":{"desktop":{"background-color":"var(--ast-global-color-4)","background-image":"","background-repeat":"repeat","background-position":"center center","background-size":"auto","background-attachment":"scroll","background-type":"","background-media":"","overlay-type":"","overlay-color":"","overlay-opacity":"","overlay-gradient":""},"tablet":{"background-color":"","background-image":"","background-repeat":"repeat","background-position":"center center","background-size":"auto","background-attachment":"scroll","background-type":"","background-media":"","overlay-type":"","overlay-color":"","overlay-opacity":"","overlay-gradient":""},"mobile":{"background-color":"","background-image":"","background-repeat":"repeat","background-position":"center center","background-size":"auto","background-attachment":"scroll","background-type":"","background-media":"","overlay-type":"","overlay-color":"","overlay-opacity":"","overlay-gradient":""}},"ast-content-background-meta":{"desktop":{"background-color":"var(--ast-global-color-5)","background-image":"","background-repeat":"repeat","background-position":"center center","background-size":"auto","background-attachment":"scroll","background-type":"","background-media":"","overlay-type":"","overlay-color":"","overlay-opacity":"","overlay-gradient":""},"tablet":{"background-color":"var(--ast-global-color-5)","background-image":"","background-repeat":"repeat","background-position":"center center","background-size":"auto","background-attachment":"scroll","background-type":"","background-media":"","overlay-type":"","overlay-color":"","overlay-opacity":"","overlay-gradient":""},"mobile":{"background-color":"var(--ast-global-color-5)","background-image":"","background-repeat":"repeat","background-position":"center center","background-size":"auto","background-attachment":"scroll","background-type":"","background-media":"","overlay-type":"","overlay-color":"","overlay-opacity":"","overlay-gradient":""}},"footnotes":""},"categories":[661],"tags":[],"class_list":["post-22453","post","type-post","status-publish","format-standard","has-post-thumbnail","hentry","category-podroz"],"acf":[],"_links":{"self":[{"href":"https:\/\/ihdemu.com\/pl\/wp-json\/wp\/v2\/posts\/22453","targetHints":{"allow":["GET"]}}],"collection":[{"href":"https:\/\/ihdemu.com\/pl\/wp-json\/wp\/v2\/posts"}],"about":[{"href":"https:\/\/ihdemu.com\/pl\/wp-json\/wp\/v2\/types\/post"}],"author":[{"embeddable":true,"href":"https:\/\/ihdemu.com\/pl\/wp-json\/wp\/v2\/users\/3"}],"replies":[{"embeddable":true,"href":"https:\/\/ihdemu.com\/pl\/wp-json\/wp\/v2\/comments?post=22453"}],"version-history":[{"count":1,"href":"https:\/\/ihdemu.com\/pl\/wp-json\/wp\/v2\/posts\/22453\/revisions"}],"predecessor-version":[{"id":110153,"href":"https:\/\/ihdemu.com\/pl\/wp-json\/wp\/v2\/posts\/22453\/revisions\/110153"}],"wp:featuredmedia":[{"embeddable":true,"href":"https:\/\/ihdemu.com\/pl\/wp-json\/wp\/v2\/media\/24161"}],"wp:attachment":[{"href":"https:\/\/ihdemu.com\/pl\/wp-json\/wp\/v2\/media?parent=22453"}],"wp:term":[{"taxonomy":"category","embeddable":true,"href":"https:\/\/ihdemu.com\/pl\/wp-json\/wp\/v2\/categories?post=22453"},{"taxonomy":"post_tag","embeddable":true,"href":"https:\/\/ihdemu.com\/pl\/wp-json\/wp\/v2\/tags?post=22453"}],"curies":[{"name":"wp","href":"https:\/\/api.w.org\/{rel}","templated":true}]}}