{"id":74602,"date":"2023-08-08T10:03:30","date_gmt":"2023-08-08T08:03:30","guid":{"rendered":"https:\/\/ihdemu.com\/?p=74602"},"modified":"2026-03-11T11:04:33","modified_gmt":"2026-03-11T10:04:33","slug":"hiszpanska-wojna-domowa","status":"publish","type":"post","link":"https:\/\/ihdemu.com\/pl\/hiszpanska-wojna-domowa\/","title":{"rendered":"Hiszpa\u0144ska wojna domowa"},"content":{"rendered":"<p style=\"font-weight: 400;\">Hiszpa\u0144ska Wojna Domowa by\u0142a konfliktem trwaj\u0105cym od 1936 do 1939 roku, kt\u00f3ry skonfrontowa\u0142 republikan\u00f3w, reprezentuj\u0105cych najbardziej post\u0119powe i lewicowe sektory kraju, z nacjonalistami, wspieranymi przez si\u0142y konserwatywne i prawicowe.<\/p>\n<p><!--more--><\/p>\n<p style=\"font-weight: 400;\">Ten epizod historii Hiszpanii by\u0142 wynikiem z\u0142o\u017conej uk\u0142adanki czynnik\u00f3w politycznych, spo\u0142ecznych i ekonomicznych, kt\u00f3re kszta\u0142towa\u0142y si\u0119 przez wiele dziesi\u0119cioleci.<\/p>\n<h2 style=\"font-weight: 400;\"><strong>Pochodzenie konfliktu<\/strong><\/h2>\n<p style=\"font-weight: 400;\">Pocz\u0105tek Hiszpa\u0144skiej Wojny Domowej si\u0119ga kryzysu gospodarczego, kt\u00f3ry dotkn\u0105\u0142 kraj od lat dwudziestych XX wieku. Nier\u00f3wno\u015bci spo\u0142eczne nasila\u0142y si\u0119 w tym okresie, z oligarchi\u0105 ziemian i coraz bardziej niezadowolon\u0105 klas\u0105 robotnicz\u0105. Niepowodzenia Burbon\u00f3w w osi\u0105gni\u0119ciu stabilno\u015bci politycznej i spo\u0142ecznej, wzrost ruchu robotniczego oraz powstanie nowych pr\u0105d\u00f3w politycznych, takich jak anarchizm, socjalizm i nacjonalizm, spowodowa\u0142y narastaj\u0105c\u0105 polaryzacj\u0119 spo\u0142eczn\u0105.<\/p>\n<p style=\"font-weight: 400;\">W tym kontek\u015bcie niestabilno\u015bci, dyktatura genera\u0142a Miguela Primo de Rivera (1923-1930) stanowi\u0142a pr\u00f3b\u0119 stabilizacji politycznej kraju, lecz brak realnych rozwi\u0105za\u0144 dla kryzysu gospodarczego i spo\u0142ecznego, a tak\u017ce mi\u0119dzynarodowa niestabilno\u015b\u0107, doprowadzi\u0142y do upadku dyktatury i og\u0142oszenia Drugiej Republiki Hiszpa\u0144skiej w 1931 roku.<\/p>\n<p style=\"font-weight: 400;\">Druga Republika Hiszpa\u0144ska, pomimo swoich reformatorskich intencji, nie zdo\u0142a\u0142a rozwi\u0105za\u0107 problem\u00f3w gospodarczych i spo\u0142ecznych kraju ani kwestii statusu politycznego i kulturowego Katalonii i Kraju Bask\u00f3w, kt\u00f3re d\u0105\u017cy\u0142y do wi\u0119kszej autonomii. W tym kontek\u015bcie narastania niezadowolenia spo\u0142ecznego, pojawi\u0142y si\u0119 bardziej radykalne partie polityczne, takie jak CNT (Konfederacja Narodowej Pracy), PCE (Hiszpa\u0144ska Partia Komunistyczna), Falanga Hiszpa\u0144ska i inne grupy nacjonalistyczne.<\/p>\n<h2 style=\"font-weight: 400;\"><strong>Najwa\u017cniejsze postacie historyczne<\/strong><\/h2>\n<p style=\"font-weight: 400;\">Hiszpa\u0144ska Wojna Domowa by\u0142a \u015bwiadkiem udzia\u0142u wielu postaci historycznych, kt\u00f3re sta\u0142y si\u0119 symbolami r\u00f3\u017cnych si\u0142 walcz\u0105cych podczas konfliktu. W\u015br\u00f3d nich wyr\u00f3\u017cniaj\u0105 si\u0119:<\/p>\n<h4 style=\"font-weight: 400;\"><strong>Francisco Franco<\/strong><\/h4>\n<p style=\"font-weight: 400;\">Lider strony nacjonalistycznej i genera\u0142 hiszpa\u0144skiej armii. Sta\u0142 si\u0119 g\u0142ow\u0105 pa\u0144stwa po zwyci\u0119stwie strony frankistowskiej.<\/p>\n<h4 style=\"font-weight: 400;\"><strong>Jos\u00e9 Antonio Primo de Rivera<\/strong><\/h4>\n<p style=\"font-weight: 400;\">Za\u0142o\u017cyciel i lider Falangi Hiszpa\u0144skiej, partii o ideologii nacjonalistycznej i faszystowskiej.<\/p>\n<h4 style=\"font-weight: 400;\"><strong>Dolores Ib\u00e1rruri<\/strong><\/h4>\n<p style=\"font-weight: 400;\">Znana jako &#8222;La Pasionaria&#8221;, by\u0142a wybitn\u0105 przyw\u00f3dczyni\u0105 komunistyczn\u0105 i deputowan\u0105 podczas Drugiej Republiki Hiszpa\u0144skiej.<\/p>\n<h4 style=\"font-weight: 400;\"><strong>Manuel Aza\u00f1a<\/strong><\/h4>\n<p style=\"font-weight: 400;\">Prezydent Drugiej Republiki Hiszpa\u0144skiej i lider republikan\u00f3w podczas konfliktu.<\/p>\n<h4 style=\"font-weight: 400;\"><strong>George Orwell<\/strong><\/h4>\n<p style=\"font-weight: 400;\">Brytyjski pisarz, kt\u00f3ry do\u0142\u0105czy\u0142 do Mi\u0119dzynarodowych Brygad, aby walczy\u0107 po stronie strony nacjonalistycznej i opisa\u0142 swoje prze\u017cycia w ksi\u0105\u017cce &#8222;Homenaje a Catalu\u00f1a&#8221;.<\/p>\n<h2><strong>Ciekawostki i anegdoty<\/strong><\/h2>\n<p style=\"font-weight: 400;\">Zwi\u0105zan\u0105 z Hiszpa\u0144sk\u0105 Wojn\u0105 Domow\u0105 jest wiele ciekawostek i anegdot, w\u015br\u00f3d kt\u00f3rych mo\u017cna wymieni\u0107:<\/p>\n<h4><strong>Bomardowania powietrzne<\/strong><\/h4>\n<p>Hiszpa\u0144ska Wojna Domowa by\u0142a pierwszym wi\u0119kszym konfliktem z u\u017cyciem bombardowa\u0144 powietrznych w spos\u00f3b zorganizowany.<\/p>\n<h4><strong>Karl Marx<\/strong><\/h4>\n<p>W trakcie wojny republika\u0144ski rz\u0105d wprowadzi\u0142 banknoty z podobizn\u0105 Karola Marksa.<\/p>\n<h4><strong>George Orwell<\/strong><\/h4>\n<p>Pisarz George Orwell, jak wspomniano wcze\u015bniej, wst\u0105pi\u0142 do mi\u0119dzynarodowych brygad i walczy\u0142 w Hiszpa\u0144skiej Wojnie Domowej. Jego do\u015bwiadczenia w konflikcie zainspirowa\u0142y powstanie jego s\u0142ynnej powie\u015bci &#8222;Rok 1984&#8221;.<\/p>\n<h4><strong>Najbardziej zaci\u0119te walki<\/strong><\/h4>\n<p>Hiszpa\u0144ska Wojna Domowa by\u0142a aren\u0105 niekt\u00f3rych z najbardziej zaci\u0119tych walk mi\u0119dzy stronami konfliktu. W Bitwie nad Jaram\u0105 przesz\u0142o 100 000 \u017co\u0142nierzy stoczy\u0142o walk\u0119 na obszarze zaledwie 25 kilometr\u00f3w.<\/p>\n<h4><strong>Batalion &#8222;Durruti&#8221;<\/strong><\/h4>\n<p>Republikanie utworzyli batalion &#8222;Durruti&#8221; na cze\u015b\u0107 legendarnego anarchisty Buenaventury Durruti, kt\u00f3ry zgin\u0105\u0142 w tajemniczych okoliczno\u015bciach podczas wojny.<\/p>\n<h4><strong>Pablo Picasso<\/strong><\/h4>\n<p><img fetchpriority=\"high\" decoding=\"async\" class=\"alignnone size-medium wp-image-62505\" src=\"https:\/\/ihdemu.com\/wp-content\/uploads\/2023\/05\/instituto-hispanico-de-murcia-Guerra4-300x300.jpg\" alt=\"Instituto Hisp\u00e1nico de Murcia- Guerra - Picasso\" width=\"300\" height=\"300\" srcset=\"https:\/\/ihdemu.com\/wp-content\/uploads\/2023\/05\/instituto-hispanico-de-murcia-Guerra4-300x300.jpg 300w, https:\/\/ihdemu.com\/wp-content\/uploads\/2023\/05\/instituto-hispanico-de-murcia-Guerra4-1024x1024.jpg 1024w, https:\/\/ihdemu.com\/wp-content\/uploads\/2023\/05\/instituto-hispanico-de-murcia-Guerra4-150x150.jpg 150w, https:\/\/ihdemu.com\/wp-content\/uploads\/2023\/05\/instituto-hispanico-de-murcia-Guerra4-768x768.jpg 768w, https:\/\/ihdemu.com\/wp-content\/uploads\/2023\/05\/instituto-hispanico-de-murcia-Guerra4-1536x1536.jpg 1536w, https:\/\/ihdemu.com\/wp-content\/uploads\/2023\/05\/instituto-hispanico-de-murcia-Guerra4-600x600.jpg 600w, https:\/\/ihdemu.com\/wp-content\/uploads\/2023\/05\/instituto-hispanico-de-murcia-Guerra4-100x100.jpg 100w, https:\/\/ihdemu.com\/wp-content\/uploads\/2023\/05\/instituto-hispanico-de-murcia-Guerra4-50x50.jpg 50w, https:\/\/ihdemu.com\/wp-content\/uploads\/2023\/05\/instituto-hispanico-de-murcia-Guerra4.jpg 1920w\" sizes=\"(max-width: 300px) 100vw, 300px\" \/><\/p>\n<p>Rz\u0105d republika\u0144ski zleci\u0142 arty\u015bcie Pablo Picasso stworzenie muralu na pawilon hiszpa\u0144ski na Wystawie \u015awiatowej w Pary\u017cu w 1937 roku. Wynikiem jego pracy jest arcydzie\u0142o &#8222;Guernica&#8221;.<\/p>\n<h4><strong>Brygady Lincolna<\/strong><\/h4>\n<p>S\u0142ynne Brygady Lincolna, sk\u0142adaj\u0105ce si\u0119 z ochotnik\u00f3w ameryka\u0144skich, odegra\u0142y wa\u017cn\u0105 rol\u0119 w niekt\u00f3rych z najbardziej krwawych star\u0107 Hiszpa\u0144skiej Wojny Domowej.<\/p>\n<h4><strong>Molotov na k\u00f3\u0142kach<\/strong><\/h4>\n<p>W trakcie konfliktu republikanie wykorzystywali pojazd z bombami zapalaj\u0105cymi znany jako &#8222;Molotov na k\u00f3\u0142kach&#8221;, kt\u00f3rym atakowali wroga.<\/p>\n<h4><strong>Legion Condor niemiecki i Legionarze w\u0142oscy<\/strong><\/h4>\n<p>Nacjonali\u015bci otrzymywali wsparcie wojskowe i finansowe od niemieckiego Legionu Condor oraz w\u0142oskiej Legii Lotniczej, kt\u00f3re wykorzystywa\u0142y Hiszpa\u0144sk\u0105 Wojn\u0119 Domow\u0105 jako pole do\u015bwiadczalne dla swoich nowych technik wojennych.<\/p>\n<h4><strong>Francisco Franco<\/strong><\/h4>\n<p>Jednym z najbardziej kontrowersyjnych postaci Hiszpa\u0144skiej Wojny Domowej by\u0142 genera\u0142 Francisco Franco, jak wy\u017cej wspomniano, kt\u00f3ry przewodzi\u0142 nacjonalistycznemu powstaniu i ostatecznie sta\u0142 si\u0119 dyktatorem Hiszpanii na niemal cztery dziesi\u0119ciolecia. Pomimo kontrowersji wok\u00f3\u0142 jego postaci, niekt\u00f3rzy wci\u0105\u017c uwa\u017caj\u0105 go za bohatera narodowego.<\/p>\n<h2 style=\"font-weight: 400;\"><strong>Wydarzenia godne uwagi<\/strong><\/h2>\n<h4 style=\"font-weight: 400;\"><strong>Nieudany zamach stanu z 1936 roku<\/strong><\/h4>\n<p style=\"font-weight: 400;\">17 i 18 lipca 1936 roku grupa wojskowych pod przyw\u00f3dztwem genera\u0142a Francisco Franco pr\u00f3bowa\u0142a przeprowadzi\u0107 zamach stanu przeciwko rz\u0105dowi Drugiej Republiki Hiszpa\u0144skiej. Zamach nie powi\u00f3d\u0142 si\u0119 w wi\u0119kszo\u015bci Hiszpanii, ale odni\u00f3s\u0142 sukces w niekt\u00f3rych regionach kraju, takich jak Andaluzja, Galicja, Nawarra i wi\u0119kszo\u015b\u0107 Wysp Kanaryjskich.<\/p>\n<h4 style=\"font-weight: 400;\"><strong>Podzia\u0142 na dwie Hiszpanie<\/strong><\/h4>\n<p style=\"font-weight: 400;\">Po nieudanym zamachu stanu Hiszpania podzieli\u0142a si\u0119 na dwie wrogie frakcje: republikan\u00f3w, kt\u00f3rzy popierali legalnie wybrany rz\u0105d i wi\u0119kszo\u015b\u0107 region\u00f3w, oraz nacjonalist\u00f3w, kt\u00f3rzy wspierali rebeliant\u00f3w pod przewodnictwem Franco i kontrolowali znaczn\u0105 cz\u0119\u015b\u0107 si\u0142 zbrojnych i Ko\u015bci\u00f3\u0142 katolicki.<\/p>\n<h4 style=\"font-weight: 400;\"><strong>Mi\u0119dzynarodowe Brygady<\/strong><\/h4>\n<p style=\"font-weight: 400;\">W trakcie wojny domowej tysi\u0105ce ochotnik\u00f3w zagranicznych, wielu z nich komunist\u00f3w, socjalist\u00f3w lub anarchist\u00f3w, przyby\u0142o do Hiszpanii, aby walczy\u0107 przeciwko Franco i jego sojusznikom. Mi\u0119dzynarodowe Brygady sk\u0142ada\u0142y si\u0119 z os\u00f3b r\u00f3\u017cnych narodowo\u015bci, w tym Amerykan\u00f3w, Brytyjczyk\u00f3w, Niemc\u00f3w, W\u0142och\u00f3w i Francuz\u00f3w, w\u015br\u00f3d innych.<\/p>\n<h4 style=\"font-weight: 400;\"><strong>Obl\u0119\u017cenie Madrytu<\/strong><\/h4>\n<p><img decoding=\"async\" class=\"alignnone size-medium wp-image-62495\" src=\"https:\/\/ihdemu.com\/wp-content\/uploads\/2023\/05\/instituto-hispanico-de-murcia-Guerra3-300x300.jpeg\" alt=\"Instituto Hispanico de Murcia- Blog -Guerra Madrid \" width=\"300\" height=\"300\" srcset=\"https:\/\/ihdemu.com\/wp-content\/uploads\/2023\/05\/instituto-hispanico-de-murcia-Guerra3-300x300.jpeg 300w, https:\/\/ihdemu.com\/wp-content\/uploads\/2023\/05\/instituto-hispanico-de-murcia-Guerra3-150x150.jpeg 150w, https:\/\/ihdemu.com\/wp-content\/uploads\/2023\/05\/instituto-hispanico-de-murcia-Guerra3-768x768.jpeg 768w, https:\/\/ihdemu.com\/wp-content\/uploads\/2023\/05\/instituto-hispanico-de-murcia-Guerra3-600x600.jpeg 600w, https:\/\/ihdemu.com\/wp-content\/uploads\/2023\/05\/instituto-hispanico-de-murcia-Guerra3-100x100.jpeg 100w, https:\/\/ihdemu.com\/wp-content\/uploads\/2023\/05\/instituto-hispanico-de-murcia-Guerra3-50x50.jpeg 50w, https:\/\/ihdemu.com\/wp-content\/uploads\/2023\/05\/instituto-hispanico-de-murcia-Guerra3.jpeg 1024w\" sizes=\"(max-width: 300px) 100vw, 300px\" \/><\/p>\n<p style=\"font-weight: 400;\">W trakcie Hiszpa\u0144skiej Wojny Domowej Madryt by\u0142 poddawany obl\u0119\u017ceniu przez si\u0142y frankist\u00f3w przez ponad dwa lata. Miasto utrzyma\u0142o si\u0119 dzi\u0119ki pomocy Mi\u0119dzynarodowych Brygad i hiszpa\u0144skich partyzant\u00f3w, a\u017c wreszcie, w marcu 1939 roku, wojska frankist\u00f3w wkroczy\u0142y do miasta.<\/p>\n<h4 style=\"font-weight: 400;\"><strong>Bitwa nad Ebro<\/strong><\/h4>\n<p style=\"font-weight: 400;\">Bitwa nad Ebro by\u0142a najd\u0142u\u017csz\u0105 i najkrwawsz\u0105 bitw\u0105 w Hiszpa\u0144skiej Wojnie Domowej, kt\u00f3ra mia\u0142a miejsce latem 1938 roku. By\u0142a to du\u017ca ofensywa republika\u0144ska na rzece Ebro, w kt\u00f3rej wzi\u0119\u0142o udzia\u0142 prawie 80 000 \u017co\u0142nierzy. Mimo \u017ce republikanie osi\u0105gn\u0119li pewne zwyci\u0119stwa na pocz\u0105tku, ostatecznie zostali pokonani przez si\u0142y frankist\u00f3w.<\/p>\n<h4 style=\"font-weight: 400;\"><strong>Pomoc Niemiec i W\u0142och Franco<\/strong><\/h4>\n<p style=\"font-weight: 400;\">W trakcie Hiszpa\u0144skiej Wojny Domowej genera\u0142 Franco otrzyma\u0142 wsparcie militarne i finansowe od dyktatur Niemiec i W\u0142och. Obie te pa\u0144stwa wys\u0142a\u0142y samoloty, czo\u0142gi i oddzia\u0142y, aby wesprze\u0107 stron\u0119 frankistowsk\u0105. Ta pomoc okaza\u0142a si\u0119 kluczowa w ostatecznym zwyci\u0119stwie Franco.<\/p>\n<h4 style=\"font-weight: 400;\"><strong>Wygnanie republikan\u00f3w<\/strong><\/h4>\n<p style=\"font-weight: 400;\">Po zwyci\u0119stwie Franco w 1939 roku wielu republikan\u00f3w opu\u015bci\u0142o Hiszpani\u0119, aby unikn\u0105\u0107 represji i zemsty ze strony si\u0142 frankistowskich. Szacuje si\u0119, \u017ce ponad 500 000 os\u00f3b opu\u015bci\u0142o kraj, z kt\u00f3rych wiele osiedli\u0142o si\u0119 w krajach latynoameryka\u0144skich i we Francji.<\/p>\n<h2 style=\"font-weight: 400;\"><strong>Hiszpa\u0144ska Wojna Domowa jako preludium do Drugiej Wojny \u015awiatowej<\/strong><\/h2>\n<p><img decoding=\"async\" class=\"alignnone size-medium wp-image-62464\" src=\"https:\/\/ihdemu.com\/wp-content\/uploads\/2023\/05\/instituto-hispanico-de-murcia-Guerra-300x300.jpeg\" alt=\"Instituto Hispanico de Murcia - Blog - Guerra \" width=\"300\" height=\"300\" srcset=\"https:\/\/ihdemu.com\/wp-content\/uploads\/2023\/05\/instituto-hispanico-de-murcia-Guerra-300x300.jpeg 300w, https:\/\/ihdemu.com\/wp-content\/uploads\/2023\/05\/instituto-hispanico-de-murcia-Guerra-150x150.jpeg 150w, https:\/\/ihdemu.com\/wp-content\/uploads\/2023\/05\/instituto-hispanico-de-murcia-Guerra-768x768.jpeg 768w, https:\/\/ihdemu.com\/wp-content\/uploads\/2023\/05\/instituto-hispanico-de-murcia-Guerra-600x600.jpeg 600w, https:\/\/ihdemu.com\/wp-content\/uploads\/2023\/05\/instituto-hispanico-de-murcia-Guerra-100x100.jpeg 100w, https:\/\/ihdemu.com\/wp-content\/uploads\/2023\/05\/instituto-hispanico-de-murcia-Guerra-50x50.jpeg 50w, https:\/\/ihdemu.com\/wp-content\/uploads\/2023\/05\/instituto-hispanico-de-murcia-Guerra.jpeg 1024w\" sizes=\"(max-width: 300px) 100vw, 300px\" \/><\/p>\n<p style=\"font-weight: 400;\">Hiszpa\u0144ska Wojna Domowa by\u0142a przez wielu postrzegana jako swoisty preludium do Drugiej Wojny \u015awiatowej. Pot\u0119gi faszystowskie, Niemcy i W\u0142ochy, wspiera\u0142y Franco, podczas gdy Zwi\u0105zek Radziecki wspiera\u0142 republikan\u00f3w.<\/p>\n<p style=\"font-weight: 400;\">Wojna domowa w Hiszpanii by\u0142a r\u00f3wnie\u017c jednym z pierwszych konflikt\u00f3w, w kt\u00f3rych u\u017cywano propagandy jako narz\u0119dzia wojennego. Obie strony wykorzystywa\u0142y propagand\u0119 do mobilizowania swoich zwolennik\u00f3w i demonizowania przeciwnika. Propaganda s\u0142u\u017cy\u0142a tak\u017ce do rekrutacji ochotnik\u00f3w zagranicznych do walki w wojnie.<\/p>\n<p style=\"font-weight: 400;\">Po trzech latach walki bok frankistowski ostatecznie osi\u0105gn\u0105\u0142 zwyci\u0119stwo. 1 kwietnia 1939 roku Franco oficjalnie og\u0142osi\u0142 zako\u0144czenie Hiszpa\u0144skiej Wojny Domowej. Zwyci\u0119stwo Franco mia\u0142o powa\u017cne konsekwencje dla Hiszpanii. Podczas dyktatury Franco, kt\u00f3ra trwa\u0142a do jego \u015bmierci w 1975 roku, ucierpia\u0142y swobody obywatelskie i polityczne, prze\u015bladowano dysydent\u00f3w i represjonowano mniejszo\u015bci. Ponadto gospodarka hiszpa\u0144ska przez wiele lat cierpia\u0142a z powodu zniszcze\u0144 i utraty zasob\u00f3w wojennych.<\/p>\n<p style=\"font-weight: 400;\">Hiszpa\u0144ska Wojna Domowa by\u0142a z\u0142o\u017conym i niszczycielskim konfliktem, kt\u00f3ry mia\u0142 g\u0142\u0119bokie konsekwencje zar\u00f3wno dla Hiszpanii, jak i dla \u015bwiata. Przez trzy lata kraj pogr\u0105\u017cy\u0142 si\u0119 w walce o w\u0142adz\u0119 i ideologi\u0119, kt\u00f3ra dzieli\u0142a rodziny i spo\u0142eczno\u015bci. Mimo \u017ce wojna zako\u0144czy\u0142a si\u0119 ponad 80 lat temu, wci\u0105\u017c pozostaje przedmiotem zainteresowania i dyskusji dla wielu ludzi, a jej wp\u0142yw pozostaje niezatarty w historii Hiszpanii i \u015bwiata.<\/p>\n","protected":false},"excerpt":{"rendered":"<p>Hiszpa\u0144ska Wojna Domowa by\u0142a konfliktem trwaj\u0105cym od 1936 do 1939 roku, kt\u00f3ry skonfrontowa\u0142 republikan\u00f3w, reprezentuj\u0105cych najbardziej post\u0119powe i lewicowe sektory kraju, z nacjonalistami, wspieranymi przez si\u0142y konserwatywne i prawicowe.<\/p>\n","protected":false},"author":15,"featured_media":62490,"comment_status":"closed","ping_status":"closed","sticky":false,"template":"","format":"standard","meta":{"_acf_changed":false,"inline_featured_image":false,"site-sidebar-layout":"default","site-content-layout":"default","ast-site-content-layout":"default","site-content-style":"default","site-sidebar-style":"default","ast-global-header-display":"","ast-banner-title-visibility":"","ast-main-header-display":"","ast-hfb-above-header-display":"","ast-hfb-below-header-display":"","ast-hfb-mobile-header-display":"","site-post-title":"","ast-breadcrumbs-content":"","ast-featured-img":"","footer-sml-layout":"","ast-disable-related-posts":"","theme-transparent-header-meta":"default","adv-header-id-meta":"","stick-header-meta":"default","header-above-stick-meta":"","header-main-stick-meta":"","header-below-stick-meta":"","astra-migrate-meta-layouts":"set","ast-page-background-enabled":"default","ast-page-background-meta":{"desktop":{"background-color":"var(--ast-global-color-4)","background-image":"","background-repeat":"repeat","background-position":"center center","background-size":"auto","background-attachment":"scroll","background-type":"","background-media":"","overlay-type":"","overlay-color":"","overlay-opacity":"","overlay-gradient":""},"tablet":{"background-color":"","background-image":"","background-repeat":"repeat","background-position":"center center","background-size":"auto","background-attachment":"scroll","background-type":"","background-media":"","overlay-type":"","overlay-color":"","overlay-opacity":"","overlay-gradient":""},"mobile":{"background-color":"","background-image":"","background-repeat":"repeat","background-position":"center center","background-size":"auto","background-attachment":"scroll","background-type":"","background-media":"","overlay-type":"","overlay-color":"","overlay-opacity":"","overlay-gradient":""}},"ast-content-background-meta":{"desktop":{"background-color":"var(--ast-global-color-5)","background-image":"","background-repeat":"repeat","background-position":"center center","background-size":"auto","background-attachment":"scroll","background-type":"","background-media":"","overlay-type":"","overlay-color":"","overlay-opacity":"","overlay-gradient":""},"tablet":{"background-color":"var(--ast-global-color-5)","background-image":"","background-repeat":"repeat","background-position":"center center","background-size":"auto","background-attachment":"scroll","background-type":"","background-media":"","overlay-type":"","overlay-color":"","overlay-opacity":"","overlay-gradient":""},"mobile":{"background-color":"var(--ast-global-color-5)","background-image":"","background-repeat":"repeat","background-position":"center center","background-size":"auto","background-attachment":"scroll","background-type":"","background-media":"","overlay-type":"","overlay-color":"","overlay-opacity":"","overlay-gradient":""}},"footnotes":""},"categories":[657],"tags":[],"class_list":["post-74602","post","type-post","status-publish","format-standard","has-post-thumbnail","hentry","category-kultura"],"acf":[],"_links":{"self":[{"href":"https:\/\/ihdemu.com\/pl\/wp-json\/wp\/v2\/posts\/74602","targetHints":{"allow":["GET"]}}],"collection":[{"href":"https:\/\/ihdemu.com\/pl\/wp-json\/wp\/v2\/posts"}],"about":[{"href":"https:\/\/ihdemu.com\/pl\/wp-json\/wp\/v2\/types\/post"}],"author":[{"embeddable":true,"href":"https:\/\/ihdemu.com\/pl\/wp-json\/wp\/v2\/users\/15"}],"replies":[{"embeddable":true,"href":"https:\/\/ihdemu.com\/pl\/wp-json\/wp\/v2\/comments?post=74602"}],"version-history":[{"count":1,"href":"https:\/\/ihdemu.com\/pl\/wp-json\/wp\/v2\/posts\/74602\/revisions"}],"predecessor-version":[{"id":110198,"href":"https:\/\/ihdemu.com\/pl\/wp-json\/wp\/v2\/posts\/74602\/revisions\/110198"}],"wp:featuredmedia":[{"embeddable":true,"href":"https:\/\/ihdemu.com\/pl\/wp-json\/wp\/v2\/media\/62490"}],"wp:attachment":[{"href":"https:\/\/ihdemu.com\/pl\/wp-json\/wp\/v2\/media?parent=74602"}],"wp:term":[{"taxonomy":"category","embeddable":true,"href":"https:\/\/ihdemu.com\/pl\/wp-json\/wp\/v2\/categories?post=74602"},{"taxonomy":"post_tag","embeddable":true,"href":"https:\/\/ihdemu.com\/pl\/wp-json\/wp\/v2\/tags?post=74602"}],"curies":[{"name":"wp","href":"https:\/\/api.w.org\/{rel}","templated":true}]}}