{"id":79472,"date":"2024-04-15T11:40:07","date_gmt":"2024-04-15T09:40:07","guid":{"rendered":"https:\/\/ihdemu.com\/?p=79472"},"modified":"2026-03-11T11:18:11","modified_gmt":"2026-03-11T10:18:11","slug":"10-najczestszych-bledow-podczas-mowienia-po-hiszpansku","status":"publish","type":"post","link":"https:\/\/ihdemu.com\/pl\/10-najczestszych-bledow-podczas-mowienia-po-hiszpansku\/","title":{"rendered":"10 najcz\u0119stszych b\u0142\u0119d\u00f3w podczas m\u00f3wienia po hiszpa\u0144sku"},"content":{"rendered":"<p style=\"font-weight: 400;\">Hiszpa\u0144ski jest j\u0119zykiem z du\u017c\u0105 liczb\u0105 u\u017cytkownik\u00f3w na ca\u0142ym \u015bwiecie, co sprawia, \u017ce jest jednym z najbardziej uczonych j\u0119zyk\u00f3w. Jednak\u017ce nie jest to \u0142atwy j\u0119zyk do opanowania, dlatego cz\u0119sto zdarza si\u0119, \u017ce obcokrajowcy pope\u0142niaj\u0105 b\u0142\u0119dy w jego m\u00f3wieniu.<\/p>\n<p style=\"font-weight: 400;\">W tym artykule om\u00f3wimy <strong>10 najcz\u0119stszych b\u0142\u0119d\u00f3w<\/strong>, jakie pope\u0142niaj\u0105 obcokrajowcy m\u00f3wi\u0105c po hiszpa\u0144sku, oraz jak ich unika\u0107, aby poprawi\u0107 p\u0142ynno\u015b\u0107 m\u00f3wienia.<\/p>\n<h2 style=\"font-weight: 400;\"><strong>Pomy\u0142ka mi\u0119dzy d\u017awi\u0119kami &#8222;b&#8221; i &#8222;v&#8221;<\/strong><\/h2>\n<p style=\"font-weight: 400;\">Jednym z najcz\u0119stszych b\u0142\u0119d\u00f3w pope\u0142nianych przez obcokrajowc\u00f3w w hiszpa\u0144skim jest mylenie d\u017awi\u0119k\u00f3w &#8222;b&#8221; i &#8222;v&#8221;. W j\u0119zyku hiszpa\u0144skim d\u017awi\u0119ki &#8222;b&#8221; i &#8222;v&#8221; s\u0105 wymawiane inaczej i maj\u0105 wp\u0142yw na zrozumienie m\u00f3wi\u0105cego. Na przyk\u0142ad, w s\u0142owie &#8222;vaca&#8221;, &#8222;v&#8221; jest wymawiane jak mi\u0119kkie &#8222;b&#8221;, podczas gdy w s\u0142owie &#8222;boca&#8221;, &#8222;b&#8221; jest mocniejsze.<\/p>\n<h2 style=\"font-weight: 400;\"><strong>Niepoprawne wymawianie litery &#8222;r&#8221;<\/strong><\/h2>\n<p style=\"font-weight: 400;\">Litera &#8222;r&#8221; w j\u0119zyku hiszpa\u0144skim mo\u017ce by\u0107 trudna dla obcokrajowc\u00f3w, zw\u0142aszcza dla tych, kt\u00f3rzy m\u00f3wi\u0105 po angielsku lub innych j\u0119zykach, gdzie nie ma mocnego &#8222;r&#8221;. Wymowa &#8222;r&#8221; w hiszpa\u0144skim jest \u017cywa i powstaje przez wibracj\u0119 j\u0119zyka na podniebieniu.<\/p>\n<h2 style=\"font-weight: 400;\"><strong>Pomy\u0142ka mi\u0119dzy zaimekami &#8222;t\u00fa&#8221; i &#8222;usted&#8221;<\/strong><\/h2>\n<p><img fetchpriority=\"high\" decoding=\"async\" class=\"alignnone size-medium wp-image-62706\" src=\"https:\/\/ihdemu.com\/wp-content\/uploads\/2023\/05\/Instituto-Hispanico-de-Murcia-_errores-1-300x300.jpg\" alt=\"Instituto Hispanico de Murcia - Blog - Errores\" width=\"300\" height=\"300\" srcset=\"https:\/\/ihdemu.com\/wp-content\/uploads\/2023\/05\/Instituto-Hispanico-de-Murcia-_errores-1-300x300.jpg 300w, https:\/\/ihdemu.com\/wp-content\/uploads\/2023\/05\/Instituto-Hispanico-de-Murcia-_errores-1-1024x1024.jpg 1024w, https:\/\/ihdemu.com\/wp-content\/uploads\/2023\/05\/Instituto-Hispanico-de-Murcia-_errores-1-150x150.jpg 150w, https:\/\/ihdemu.com\/wp-content\/uploads\/2023\/05\/Instituto-Hispanico-de-Murcia-_errores-1-768x768.jpg 768w, https:\/\/ihdemu.com\/wp-content\/uploads\/2023\/05\/Instituto-Hispanico-de-Murcia-_errores-1-1536x1536.jpg 1536w, https:\/\/ihdemu.com\/wp-content\/uploads\/2023\/05\/Instituto-Hispanico-de-Murcia-_errores-1-600x600.jpg 600w, https:\/\/ihdemu.com\/wp-content\/uploads\/2023\/05\/Instituto-Hispanico-de-Murcia-_errores-1-100x100.jpg 100w, https:\/\/ihdemu.com\/wp-content\/uploads\/2023\/05\/Instituto-Hispanico-de-Murcia-_errores-1-50x50.jpg 50w, https:\/\/ihdemu.com\/wp-content\/uploads\/2023\/05\/Instituto-Hispanico-de-Murcia-_errores-1.jpg 1920w\" sizes=\"(max-width: 300px) 100vw, 300px\" \/><\/p>\n<p style=\"font-weight: 400;\">U\u017cycie zaimk\u00f3w &#8222;t\u00fa&#8221; i &#8222;usted&#8221; mo\u017ce by\u0107 myl\u0105ce dla obcokrajowc\u00f3w, poniewa\u017c w wielu j\u0119zykach nie istnieje formalna i nieformalna r\u00f3\u017cnica. W hiszpa\u0144skim &#8222;t\u00fa&#8221; u\u017cywa si\u0119, aby odnosi\u0107 si\u0119 do kogo\u015b bliskiego lub w sytuacji nieformalnej, podczas gdy &#8222;usted&#8221; jest u\u017cywane w sytuacjach formalnych lub do okazania szacunku.<\/p>\n<h2 style=\"font-weight: 400;\"><strong>B\u0142\u0119dy w odmianie czasownik\u00f3w &#8222;ser&#8221; i &#8222;estar&#8221;<\/strong><\/h2>\n<p style=\"font-weight: 400;\">Czasowniki &#8222;ser&#8221; i &#8222;estar&#8221; s\u0142u\u017c\u0105 do opisywania stan\u00f3w, ale mog\u0105 by\u0107 trudne dla obcokrajowc\u00f3w z powodu r\u00f3\u017cnych form odmiany. Na przyk\u0142ad, &#8222;ser&#8221; u\u017cywane jest do opisu trwa\u0142ych cech osoby, podczas gdy &#8222;estar&#8221; s\u0142u\u017cy do opisu stanu tymczasowego.<\/p>\n<h2 style=\"font-weight: 400;\"><strong>Pomy\u0142ka mi\u0119dzy czasownikami &#8222;llevar&#8221; i &#8222;traer&#8221;<\/strong><\/h2>\n<p><img decoding=\"async\" class=\"alignnone size-medium wp-image-62767\" src=\"https:\/\/ihdemu.com\/wp-content\/uploads\/2023\/05\/ffaa8b42-99f1-4100-a72a-f52f7602af81-300x300.jpeg\" alt=\"Instituto Hispanico de Murcia - Blog - Confusi\u00f3n\" width=\"300\" height=\"300\" srcset=\"https:\/\/ihdemu.com\/wp-content\/uploads\/2023\/05\/ffaa8b42-99f1-4100-a72a-f52f7602af81-300x300.jpeg 300w, https:\/\/ihdemu.com\/wp-content\/uploads\/2023\/05\/ffaa8b42-99f1-4100-a72a-f52f7602af81-150x150.jpeg 150w, https:\/\/ihdemu.com\/wp-content\/uploads\/2023\/05\/ffaa8b42-99f1-4100-a72a-f52f7602af81-768x768.jpeg 768w, https:\/\/ihdemu.com\/wp-content\/uploads\/2023\/05\/ffaa8b42-99f1-4100-a72a-f52f7602af81-600x600.jpeg 600w, https:\/\/ihdemu.com\/wp-content\/uploads\/2023\/05\/ffaa8b42-99f1-4100-a72a-f52f7602af81-100x100.jpeg 100w, https:\/\/ihdemu.com\/wp-content\/uploads\/2023\/05\/ffaa8b42-99f1-4100-a72a-f52f7602af81-50x50.jpeg 50w, https:\/\/ihdemu.com\/wp-content\/uploads\/2023\/05\/ffaa8b42-99f1-4100-a72a-f52f7602af81.jpeg 1024w\" sizes=\"(max-width: 300px) 100vw, 300px\" \/><\/p>\n<p style=\"font-weight: 400;\">Czasowniki &#8222;llevar&#8221; i &#8222;traer&#8221; s\u0142u\u017c\u0105 do wskazywania kierunku ruchu, ale obcokrajowcy mog\u0105 si\u0119 nimi myli\u0107. &#8222;Llevar&#8221; oznacza zabranie czego\u015b z dala od m\u00f3wi\u0105cego, podczas gdy &#8222;traer&#8221; oznacza przyniesienie czego\u015b w kierunku m\u00f3wi\u0105cego.<\/p>\n<h2 style=\"font-weight: 400;\"><strong>Nie rozr\u00f3\u017cnianie mi\u0119dzy d\u017awi\u0119kami &#8222;ll&#8221; i &#8222;y&#8221;<\/strong><\/h2>\n<p style=\"font-weight: 400;\">R\u00f3\u017cnica mi\u0119dzy d\u017awi\u0119kami &#8222;ll&#8221; i &#8222;y&#8221; jest istotna w hiszpa\u0144skim, ale mo\u017ce by\u0107 trudna dla obcokrajowc\u00f3w, zw\u0142aszcza dla tych, kt\u00f3rzy m\u00f3wi\u0105 po angielsku lub innych j\u0119zykach, gdzie te d\u017awi\u0119ki nie istniej\u0105. &#8222;Ll&#8221; wymawiane jest jak mi\u0119kkie &#8222;y&#8221;, podczas gdy &#8222;y&#8221; wymawiane jest jak mi\u0119kkie &#8222;i&#8221;.<\/p>\n<h2 style=\"font-weight: 400;\"><strong>Nieprawid\u0142owe u\u017cycie rodzajnik\u00f3w &#8222;el&#8221; i &#8222;la&#8221;<\/strong><\/h2>\n<p style=\"font-weight: 400;\">Rodzajniki &#8222;el&#8221; i &#8222;la&#8221; s\u0105 wa\u017cne w hiszpa\u0144skim, ale mog\u0105 by\u0107 trudne dla obcokrajowc\u00f3w, poniewa\u017c nie zawsze maj\u0105 swoje odpowiedniki w innych j\u0119zykach. &#8222;El&#8221; u\u017cywa si\u0119 do odnoszenia si\u0119 do rodzajnika m\u0119skiego w liczbie pojedynczej, podczas gdy &#8222;la&#8221; odnosi si\u0119 do rodzajnika \u017ce\u0144skiego w liczbie pojedynczej.<\/p>\n<h2 style=\"font-weight: 400;\"><strong>B\u0142\u0119dy w zgodno\u015bci mi\u0119dzy podmiotem a czasownikiem<\/strong><\/h2>\n<p style=\"font-weight: 400;\">Zgodno\u015b\u0107 mi\u0119dzy podmiotem a czasownikiem jest wa\u017cna w hiszpa\u0144skim, ale obcokrajowcy mog\u0105 pope\u0142nia\u0107 b\u0142\u0119dy w odmianie czasownik\u00f3w. Na przyk\u0142ad, gdy podmiot jest w liczbie pojedynczej, czasownik te\u017c musi by\u0107 w liczbie pojedynczej i odwrotnie.<\/p>\n<h2 style=\"font-weight: 400;\"><strong>Niepoprawne u\u017cycie zaimk\u00f3w zwrotnych<\/strong><\/h2>\n<p style=\"font-weight: 400;\">Zaimki zwrotne u\u017cywane s\u0105 w hiszpa\u0144skim, aby wskaza\u0107, \u017ce czynno\u015b\u0107 wykonuje si\u0119 na w\u0142asn\u0105 r\u0119k\u0119. Obcokrajowcy mog\u0105 pope\u0142nia\u0107 b\u0142\u0119dy w ich poprawnym u\u017cyciu. Na przyk\u0142ad, &#8222;me lavo las manos&#8221; oznacza &#8222;myj\u0119 sobie r\u0119ce&#8221;.<\/p>\n<h2 style=\"font-weight: 400;\"><strong>B\u0142\u0119dy w wymowie akcentowanych s\u0142\u00f3w<\/strong><\/h2>\n<p><img decoding=\"async\" class=\"alignnone size-medium wp-image-62717\" src=\"https:\/\/ihdemu.com\/wp-content\/uploads\/2023\/05\/d9f0e356-3e92-4551-a7d2-4dedfc6e4757-300x300.jpeg\" alt=\"Instituto Hispanico de Murcia - Blog - acentuada\" width=\"300\" height=\"300\" srcset=\"https:\/\/ihdemu.com\/wp-content\/uploads\/2023\/05\/d9f0e356-3e92-4551-a7d2-4dedfc6e4757-300x300.jpeg 300w, https:\/\/ihdemu.com\/wp-content\/uploads\/2023\/05\/d9f0e356-3e92-4551-a7d2-4dedfc6e4757-150x150.jpeg 150w, https:\/\/ihdemu.com\/wp-content\/uploads\/2023\/05\/d9f0e356-3e92-4551-a7d2-4dedfc6e4757-768x768.jpeg 768w, https:\/\/ihdemu.com\/wp-content\/uploads\/2023\/05\/d9f0e356-3e92-4551-a7d2-4dedfc6e4757-600x600.jpeg 600w, https:\/\/ihdemu.com\/wp-content\/uploads\/2023\/05\/d9f0e356-3e92-4551-a7d2-4dedfc6e4757-100x100.jpeg 100w, https:\/\/ihdemu.com\/wp-content\/uploads\/2023\/05\/d9f0e356-3e92-4551-a7d2-4dedfc6e4757-50x50.jpeg 50w, https:\/\/ihdemu.com\/wp-content\/uploads\/2023\/05\/d9f0e356-3e92-4551-a7d2-4dedfc6e4757.jpeg 1024w\" sizes=\"(max-width: 300px) 100vw, 300px\" \/><\/p>\n<p style=\"font-weight: 400;\">Wymowa akcentowanych s\u0142\u00f3w w hiszpa\u0144skim jest wa\u017cna, ale obcokrajowcy mog\u0105 pope\u0142nia\u0107 b\u0142\u0119dy, nie zwracaj\u0105c uwagi na akcenty. W hiszpa\u0144skim po\u0142o\u017cenie akcentu mo\u017ce zmieni\u0107 znaczenie s\u0142owa. Na przyk\u0142ad, &#8222;papa&#8221; oznacza &#8222;ziemniak&#8221;, podczas gdy &#8222;pap\u00e1&#8221; oznacza &#8222;ojciec&#8221;.<\/p>\n","protected":false},"excerpt":{"rendered":"<p>Hiszpa\u0144ski jest jednym z najbardziej uczonych j\u0119zyk\u00f3w, ale nie jest \u0142atwy do opanowania. W artykule &#8211; 10 cz\u0119stych b\u0142\u0119d\u00f3w i ich poprawa.<\/p>\n","protected":false},"author":16,"featured_media":62787,"comment_status":"closed","ping_status":"closed","sticky":false,"template":"","format":"standard","meta":{"_acf_changed":false,"inline_featured_image":false,"site-sidebar-layout":"default","site-content-layout":"default","ast-site-content-layout":"default","site-content-style":"default","site-sidebar-style":"default","ast-global-header-display":"","ast-banner-title-visibility":"","ast-main-header-display":"","ast-hfb-above-header-display":"","ast-hfb-below-header-display":"","ast-hfb-mobile-header-display":"","site-post-title":"","ast-breadcrumbs-content":"","ast-featured-img":"","footer-sml-layout":"","ast-disable-related-posts":"","theme-transparent-header-meta":"default","adv-header-id-meta":"","stick-header-meta":"default","header-above-stick-meta":"","header-main-stick-meta":"","header-below-stick-meta":"","astra-migrate-meta-layouts":"set","ast-page-background-enabled":"default","ast-page-background-meta":{"desktop":{"background-color":"var(--ast-global-color-4)","background-image":"","background-repeat":"repeat","background-position":"center center","background-size":"auto","background-attachment":"scroll","background-type":"","background-media":"","overlay-type":"","overlay-color":"","overlay-opacity":"","overlay-gradient":""},"tablet":{"background-color":"","background-image":"","background-repeat":"repeat","background-position":"center center","background-size":"auto","background-attachment":"scroll","background-type":"","background-media":"","overlay-type":"","overlay-color":"","overlay-opacity":"","overlay-gradient":""},"mobile":{"background-color":"","background-image":"","background-repeat":"repeat","background-position":"center center","background-size":"auto","background-attachment":"scroll","background-type":"","background-media":"","overlay-type":"","overlay-color":"","overlay-opacity":"","overlay-gradient":""}},"ast-content-background-meta":{"desktop":{"background-color":"var(--ast-global-color-5)","background-image":"","background-repeat":"repeat","background-position":"center center","background-size":"auto","background-attachment":"scroll","background-type":"","background-media":"","overlay-type":"","overlay-color":"","overlay-opacity":"","overlay-gradient":""},"tablet":{"background-color":"var(--ast-global-color-5)","background-image":"","background-repeat":"repeat","background-position":"center center","background-size":"auto","background-attachment":"scroll","background-type":"","background-media":"","overlay-type":"","overlay-color":"","overlay-opacity":"","overlay-gradient":""},"mobile":{"background-color":"var(--ast-global-color-5)","background-image":"","background-repeat":"repeat","background-position":"center center","background-size":"auto","background-attachment":"scroll","background-type":"","background-media":"","overlay-type":"","overlay-color":"","overlay-opacity":"","overlay-gradient":""}},"footnotes":""},"categories":[659],"tags":[],"class_list":["post-79472","post","type-post","status-publish","format-standard","has-post-thumbnail","hentry","category-jezyk"],"acf":[],"_links":{"self":[{"href":"https:\/\/ihdemu.com\/pl\/wp-json\/wp\/v2\/posts\/79472","targetHints":{"allow":["GET"]}}],"collection":[{"href":"https:\/\/ihdemu.com\/pl\/wp-json\/wp\/v2\/posts"}],"about":[{"href":"https:\/\/ihdemu.com\/pl\/wp-json\/wp\/v2\/types\/post"}],"author":[{"embeddable":true,"href":"https:\/\/ihdemu.com\/pl\/wp-json\/wp\/v2\/users\/16"}],"replies":[{"embeddable":true,"href":"https:\/\/ihdemu.com\/pl\/wp-json\/wp\/v2\/comments?post=79472"}],"version-history":[{"count":3,"href":"https:\/\/ihdemu.com\/pl\/wp-json\/wp\/v2\/posts\/79472\/revisions"}],"predecessor-version":[{"id":91386,"href":"https:\/\/ihdemu.com\/pl\/wp-json\/wp\/v2\/posts\/79472\/revisions\/91386"}],"wp:featuredmedia":[{"embeddable":true,"href":"https:\/\/ihdemu.com\/pl\/wp-json\/wp\/v2\/media\/62787"}],"wp:attachment":[{"href":"https:\/\/ihdemu.com\/pl\/wp-json\/wp\/v2\/media?parent=79472"}],"wp:term":[{"taxonomy":"category","embeddable":true,"href":"https:\/\/ihdemu.com\/pl\/wp-json\/wp\/v2\/categories?post=79472"},{"taxonomy":"post_tag","embeddable":true,"href":"https:\/\/ihdemu.com\/pl\/wp-json\/wp\/v2\/tags?post=79472"}],"curies":[{"name":"wp","href":"https:\/\/api.w.org\/{rel}","templated":true}]}}